{"id":7918,"date":"2011-09-18T07:20:48","date_gmt":"2011-09-18T05:20:48","guid":{"rendered":"http:\/\/terragina.de\/blog\/2011\/09\/18\/glucksmomente-an-regentagen\/"},"modified":"2011-09-17T19:25:30","modified_gmt":"2011-09-17T17:25:30","slug":"glucksmomente-an-regentagen","status":"publish","type":"post","link":"https:\/\/terragina.de\/blog\/2011\/09\/18\/glucksmomente-an-regentagen\/","title":{"rendered":"Gl\u00c3\u00bccksmomente an Regentagen"},"content":{"rendered":"<p>K\u00c3\u00bchl, nass, feucht, grau. Morgens wird es deutlich sp\u00c3\u00a4ter hell und abends fr\u00c3\u00bcher dunkel und kalt. Keine Frage\u00e2\u20ac\u00a6 wer es bis jetzt noch nicht gemerkt hat, dass der Herbst langsam vielerorts Einzug erh\u00c3\u00a4lt, der\/die ist wohl gerade auf irgendeiner Sonneninsel oder in anderen w\u00c3\u00a4rmeren Gefilden.<\/p>\n<p>Hier verbl\u00c3\u00bchen gerade die letzten Bl\u00c3\u00bcmchen im Garten und ich habe nochmal eine Runde gedreht und ein paar von ihnen aufgenommen. F\u00c3\u00bcr die Sonne im Herzen, sozusagen &#8211; so am Sonnen-Sonntag ohne Sonnenschein. Vielleicht gelingt es mir ja, der\/dem ein oder anderen von Euch ein kleines L\u00c3\u00a4cheln ins Gesicht zu zaubern, w\u00c3\u00bcrde mich freuen. :dance:<\/p>\n<div style=\"text-align: center;\">\n  <img loading=\"lazy\" decoding=\"async\" src=\"http:\/\/terragina.de\/blog\/wp-content\/uploads\/2011\/09\/makro_01.jpg\" width=\"580\" height=\"435\" alt=\"makro_01.jpg\" \/>\n<\/div>\n<p>Das letzte Aufb\u00c3\u00a4umen des Phlox. Trotz Mehltau und heftigem Zur\u00c3\u00bcckschneiden nach der gro\u00c3\u0178en Bl\u00c3\u00bcte &#8211; hach, sch\u00c3\u00b6n!!<\/p>\n<div style=\"text-align: center;\">\n  <img loading=\"lazy\" decoding=\"async\" src=\"http:\/\/terragina.de\/blog\/wp-content\/uploads\/2011\/09\/makro_02.jpg\" width=\"580\" height=\"435\" alt=\"makro_02.jpg\" \/>\n<\/div>\n<p>Meine Schokoblume hat noch ein paar Knospen, die sich hoffentlich noch \u00c3\u00b6ffnen werden.<\/p>\n<div style=\"text-align: center;\">\n  <img loading=\"lazy\" decoding=\"async\" src=\"http:\/\/terragina.de\/blog\/wp-content\/uploads\/2011\/09\/makro_03.jpg\" width=\"580\" height=\"435\" alt=\"makro_03.jpg\" \/>\n<\/div>\n<p>Die letzten, deutlich kleineren Bl\u00c3\u00bcten des Purpur-Sonnenhuts.<\/p>\n<div style=\"text-align: center;\">\n  <img loading=\"lazy\" decoding=\"async\" src=\"http:\/\/terragina.de\/blog\/wp-content\/uploads\/2011\/09\/makro_04.jpg\" width=\"580\" height=\"435\" alt=\"makro_04.jpg\" \/>\n<\/div>\n<p>Sonnenbad der kleinen roten K\u00c3\u00a4ferchen (keine Ahnung, wie sie hei\u00c3\u0178en?!) &#8211; auf einer von Nachbars letzten geschlossenen Hibiskusbl\u00c3\u00bcten.<\/p>\n<div style=\"text-align: center;\">\n  <img loading=\"lazy\" decoding=\"async\" src=\"http:\/\/terragina.de\/blog\/wp-content\/uploads\/2011\/09\/makro_05.jpg\" width=\"580\" height=\"435\" alt=\"makro_05.jpg\" \/>\n<\/div>\n<p>Und zuguterletzt noch eine verbl\u00c3\u00bchte K\u00c3\u00bcchenschellen-Bl\u00c3\u00bcte. Auch sie hat zum zweiten Mal gebl\u00c3\u00bcht &#8211; bis vor wenigen Tagen.<\/p>\n<p>Lieber Herbst, nun bist Du da. Und ich freue mich auf Deine goldenen Farben und w\u00c3\u00bcnsche mir dazu recht viel Sonnenschein und milde Temperaturen. Das w\u00c3\u00a4re fein!<\/p>\n","protected":false},"excerpt":{"rendered":"<p>K\u00c3\u00bchl, nass, feucht, grau. Morgens wird es deutlich sp\u00c3\u00a4ter hell und abends fr\u00c3\u00bcher dunkel und kalt. Keine Frage\u00e2\u20ac\u00a6 wer es bis jetzt noch nicht gemerkt hat, dass der Herbst langsam vielerorts Einzug erh\u00c3\u00a4lt, der\/die ist wohl gerade auf irgendeiner Sonneninsel oder in anderen w\u00c3\u00a4rmeren Gefilden. Hier verbl\u00c3\u00bchen gerade die letzten Bl\u00c3\u00bcmchen im Garten und ich habe nochmal eine Runde gedreht und ein paar von ihnen aufgenommen. F\u00c3\u00bcr die Sonne im Herzen, sozusagen &#8211; so am Sonnen-Sonntag ohne Sonnenschein. Vielleicht gelingt es mir ja, der\/dem ein oder anderen von Euch ein kleines L\u00c3\u00a4cheln ins Gesicht zu zaubern, w\u00c3\u00bcrde mich freuen. :dance: Das letzte Aufb\u00c3\u00a4umen des Phlox. Trotz Mehltau und heftigem Zur\u00c3\u00bcckschneiden nach der gro\u00c3\u0178en Bl\u00c3\u00bcte &#8211; hach, sch\u00c3\u00b6n!! Meine Schokoblume hat noch ein paar Knospen, die sich hoffentlich noch \u00c3\u00b6ffnen werden. Die letzten, deutlich kleineren Bl\u00c3\u00bcten des Purpur-Sonnenhuts. Sonnenbad der kleinen roten K\u00c3\u00a4ferchen (keine Ahnung, wie sie hei\u00c3\u0178en?!) &#8211; auf einer von Nachbars letzten geschlossenen Hibiskusbl\u00c3\u00bcten. Und zuguterletzt noch eine verbl\u00c3\u00bchte K\u00c3\u00bcchenschellen-Bl\u00c3\u00bcte. Auch sie hat zum zweiten Mal gebl\u00c3\u00bcht &#8211; bis vor wenigen Tagen. Lieber Herbst, &hellip;<\/p>\n","protected":false},"author":1,"featured_media":0,"comment_status":"open","ping_status":"open","sticky":false,"template":"","format":"standard","meta":{"_jetpack_newsletter_access":"","_jetpack_dont_email_post_to_subs":false,"_jetpack_newsletter_tier_id":0,"_jetpack_memberships_contains_paywalled_content":false,"_jetpack_memberships_contains_paid_content":false,"footnotes":""},"categories":[2,114],"tags":[975,421,957,69,226,973],"class_list":["post-7918","post","type-post","status-publish","format-standard","hentry","category-foto","category-plauderecke","tag-blumen","tag-fotoalbum","tag-foto","tag-makro","tag-pflanzen","tag-plauderecke"],"jetpack_sharing_enabled":true,"jetpack_shortlink":"https:\/\/wp.me\/pq7aY-23I","jetpack_likes_enabled":true,"jetpack-related-posts":[],"jetpack_featured_media_url":"","_links":{"self":[{"href":"https:\/\/terragina.de\/blog\/wp-json\/wp\/v2\/posts\/7918","targetHints":{"allow":["GET"]}}],"collection":[{"href":"https:\/\/terragina.de\/blog\/wp-json\/wp\/v2\/posts"}],"about":[{"href":"https:\/\/terragina.de\/blog\/wp-json\/wp\/v2\/types\/post"}],"author":[{"embeddable":true,"href":"https:\/\/terragina.de\/blog\/wp-json\/wp\/v2\/users\/1"}],"replies":[{"embeddable":true,"href":"https:\/\/terragina.de\/blog\/wp-json\/wp\/v2\/comments?post=7918"}],"version-history":[{"count":0,"href":"https:\/\/terragina.de\/blog\/wp-json\/wp\/v2\/posts\/7918\/revisions"}],"wp:attachment":[{"href":"https:\/\/terragina.de\/blog\/wp-json\/wp\/v2\/media?parent=7918"}],"wp:term":[{"taxonomy":"category","embeddable":true,"href":"https:\/\/terragina.de\/blog\/wp-json\/wp\/v2\/categories?post=7918"},{"taxonomy":"post_tag","embeddable":true,"href":"https:\/\/terragina.de\/blog\/wp-json\/wp\/v2\/tags?post=7918"}],"curies":[{"name":"wp","href":"https:\/\/api.w.org\/{rel}","templated":true}]}}