{"id":7974,"date":"2011-09-27T15:10:20","date_gmt":"2011-09-27T13:10:20","guid":{"rendered":"http:\/\/terragina.de\/blog\/2011\/09\/27\/blutenfragen\/"},"modified":"2011-09-28T06:04:51","modified_gmt":"2011-09-28T04:04:51","slug":"blutenfragen","status":"publish","type":"post","link":"https:\/\/terragina.de\/blog\/2011\/09\/27\/blutenfragen\/","title":{"rendered":"Bl\u00c3\u00bctenfragen"},"content":{"rendered":"<p>Manche Leute haben einen gr\u00c3\u00bcnen Daumen. :yes:<\/p>\n<p>So auch Terraginas Mama, die aus dem Urlaub einen kleinen, dekorativen Fruchtstand mitbrachte. Selbiger wanderte erst einmal f\u00c3\u00bcr ein paar Monate auf eine Fensterbank und trocknete vor sich hin. Dann nahm sie die roten Samenk\u00c3\u00b6rner heraus und pflanzte sie ein. Nun hat sie einige Pflanzt\u00c3\u00b6pfchen im Garten, alle bl\u00c3\u00bchen sehr h\u00c3\u00bcbsch und besonders angetan haben es mir die Fruchtst\u00c3\u00a4nde, die aussehen wie eine Bischofsm\u00c3\u00bctze mit schwarzen P\u00c3\u00bcnktchen. Lieb von ihr, dass sie mir bei meinem heutigen Besuch eines der Pfl\u00c3\u00a4nzchen mit gab, f\u00c3\u00bcr das ich schon ein h\u00c3\u00bcbsches Pl\u00c3\u00a4tzchen im Garten ausgeguckt habe. Die Bl\u00c3\u00bcten sind nicht besonders gro\u00c3\u0178, vielleicht so 3-3,5 cm im Durchmesser und schlie\u00c3\u0178en sich, wenn die Sonne weg ist. ;)<\/p>\n<p>&nbsp;<\/p>\n<div style=\"text-align: center;\"><img loading=\"lazy\" decoding=\"async\" src=\"http:\/\/terragina.de\/blog\/wp-content\/uploads\/2011\/09\/hibiskus.jpg\" alt=\"hibiskus.jpg\" width=\"580\" height=\"435\" \/><\/div>\n<p>&nbsp;<\/p>\n<p>Ihr lieben Hobbyg\u00c3\u00a4rtner &#8211; wei\u00c3\u0178 jemand den genauen Namen von diesem zartlila Etwas? Hibiskus oder Malve scheint mir ein guter Ansatz. :) Ich bin f\u00c3\u00bcr jegliche Tipps dankbar. :)<\/p>\n<p>&nbsp;<\/p>\n","protected":false},"excerpt":{"rendered":"<p>Manche Leute haben einen gr\u00c3\u00bcnen Daumen. :yes: So auch Terraginas Mama, die aus dem Urlaub einen kleinen, dekorativen Fruchtstand mitbrachte. Selbiger wanderte erst einmal f\u00c3\u00bcr ein paar Monate auf eine Fensterbank und trocknete vor sich hin. Dann nahm sie die roten Samenk\u00c3\u00b6rner heraus und pflanzte sie ein. Nun hat sie einige Pflanzt\u00c3\u00b6pfchen im Garten, alle bl\u00c3\u00bchen sehr h\u00c3\u00bcbsch und besonders angetan haben es mir die Fruchtst\u00c3\u00a4nde, die aussehen wie eine Bischofsm\u00c3\u00bctze mit schwarzen P\u00c3\u00bcnktchen. Lieb von ihr, dass sie mir bei meinem heutigen Besuch eines der Pfl\u00c3\u00a4nzchen mit gab, f\u00c3\u00bcr das ich schon ein h\u00c3\u00bcbsches Pl\u00c3\u00a4tzchen im Garten ausgeguckt habe. Die Bl\u00c3\u00bcten sind nicht besonders gro\u00c3\u0178, vielleicht so 3-3,5 cm im Durchmesser und schlie\u00c3\u0178en sich, wenn die Sonne weg ist. ;) &nbsp; &nbsp; Ihr lieben Hobbyg\u00c3\u00a4rtner &#8211; wei\u00c3\u0178 jemand den genauen Namen von diesem zartlila Etwas? Hibiskus oder Malve scheint mir ein guter Ansatz. :) Ich bin f\u00c3\u00bcr jegliche Tipps dankbar. :) &nbsp;<\/p>\n","protected":false},"author":1,"featured_media":0,"comment_status":"open","ping_status":"open","sticky":false,"template":"","format":"standard","meta":{"_jetpack_newsletter_access":"","_jetpack_dont_email_post_to_subs":false,"_jetpack_newsletter_tier_id":0,"_jetpack_memberships_contains_paywalled_content":false,"_jetpack_memberships_contains_paid_content":false,"footnotes":""},"categories":[114],"tags":[975,226,973],"class_list":["post-7974","post","type-post","status-publish","format-standard","hentry","category-plauderecke","tag-blumen","tag-pflanzen","tag-plauderecke"],"jetpack_sharing_enabled":true,"jetpack_shortlink":"https:\/\/wp.me\/pq7aY-24C","jetpack_likes_enabled":true,"jetpack-related-posts":[],"jetpack_featured_media_url":"","_links":{"self":[{"href":"https:\/\/terragina.de\/blog\/wp-json\/wp\/v2\/posts\/7974","targetHints":{"allow":["GET"]}}],"collection":[{"href":"https:\/\/terragina.de\/blog\/wp-json\/wp\/v2\/posts"}],"about":[{"href":"https:\/\/terragina.de\/blog\/wp-json\/wp\/v2\/types\/post"}],"author":[{"embeddable":true,"href":"https:\/\/terragina.de\/blog\/wp-json\/wp\/v2\/users\/1"}],"replies":[{"embeddable":true,"href":"https:\/\/terragina.de\/blog\/wp-json\/wp\/v2\/comments?post=7974"}],"version-history":[{"count":0,"href":"https:\/\/terragina.de\/blog\/wp-json\/wp\/v2\/posts\/7974\/revisions"}],"wp:attachment":[{"href":"https:\/\/terragina.de\/blog\/wp-json\/wp\/v2\/media?parent=7974"}],"wp:term":[{"taxonomy":"category","embeddable":true,"href":"https:\/\/terragina.de\/blog\/wp-json\/wp\/v2\/categories?post=7974"},{"taxonomy":"post_tag","embeddable":true,"href":"https:\/\/terragina.de\/blog\/wp-json\/wp\/v2\/tags?post=7974"}],"curies":[{"name":"wp","href":"https:\/\/api.w.org\/{rel}","templated":true}]}}