{"id":8090,"date":"2011-10-11T16:40:40","date_gmt":"2011-10-11T14:40:40","guid":{"rendered":"http:\/\/terragina.de\/blog\/2011\/10\/11\/ein-genie-hinterlasst-seine-biografie\/"},"modified":"2011-10-11T17:02:43","modified_gmt":"2011-10-11T15:02:43","slug":"ein-genie-hinterlasst-seine-biografie","status":"publish","type":"post","link":"https:\/\/terragina.de\/blog\/2011\/10\/11\/ein-genie-hinterlasst-seine-biografie\/","title":{"rendered":"Ein Genie hinterl\u00c3\u00a4sst seine Biografie"},"content":{"rendered":"<p><img loading=\"lazy\" decoding=\"async\" src=\"http:\/\/terragina.de\/blog\/wp-content\/uploads\/2011\/10\/steve_jobs_biografie.jpg\" width=\"164\" height=\"244\" alt=\"steve_jobs_biografie.jpg\" style=\"float:left; margin-right:10px; margin-bottom:10px;\" \/><\/p>\n<p>Ein schwarzer Tag in der \u00ef\u00a3\u00bf-Geschichte, der 5. Oktober 2011. \u00c3\u0153berall war vom viel zu fr\u00c3\u00bchen Tod des Technik-Genies zu lesen, so dass ich mich hier ein wenig zur\u00c3\u00bcck gehalten habe.<\/p>\n<p>Als bekennender \u00ef\u00a3\u00bf-Fan habe ich heute <a href=\"http:\/\/www.appgefahren.de\/jobs-biografie-erster-auszug-im-aktuellen-spiegel-29054.html\" title=\"Appgefahren.de\">hier<\/a> gelesen, dass in K\u00c3\u00bcrze die autorisierte Biografie von Steve Jobs erscheinen wird. Bei Ama*zon ist das \u00c3\u00bcber 700 Seiten dicke Buch schon vorbestellbar &#8211; wer sich also ein Exemplar sichern m\u00c3\u00b6chte\u00e2\u20ac\u00a6 <a href=\"http:\/\/www.amazon.de\/Steve-Jobs-autorisierte-Biografie-Apple-Gr%C3%BCnders\/dp\/357010124X\/ref=sr_1_2?ie=UTF8&amp;qid=1318342319&amp;sr=8-2\" title=\"Amazon-Link zu Steve Jobs Biografie\">Klick!<\/a> Durch die traurigen Ereignisse in der letzten Woche hat das Buch sicher gute Chancen, die Autobiografie des Jahres werden.<\/p>\n<p>Was war er f\u00c3\u00bcr ein Mensch und wie hat er diese Technik-Revolution bewerkstelligt? Wie ging es ihm dabei? Mich interessiert das &#8211; und deswegen habe ich mir das Buch auch vorbestellt und bin schon sehr gespannt, wie alles begann und sich entwickelte.<\/p>\n<p>Durch die Medien der letzten Tage habe ich ein paar Dinge \u00c3\u00bcber Steve und die Computergeschichte erfahren, die mir vorher zugegebenermassen nicht klar waren. Und dieses Bewusstsein macht Lust auf mehr.<\/p>\n<p><\/p>\n<p><em>Rest in peace, Steve<\/em><\/p>\n","protected":false},"excerpt":{"rendered":"<p>Ein schwarzer Tag in der \u00ef\u00a3\u00bf-Geschichte, der 5. Oktober 2011. \u00c3\u0153berall war vom viel zu fr\u00c3\u00bchen Tod des Technik-Genies zu lesen, so dass ich mich hier ein wenig zur\u00c3\u00bcck gehalten habe. Als bekennender \u00ef\u00a3\u00bf-Fan habe ich heute hier gelesen, dass in K\u00c3\u00bcrze die autorisierte Biografie von Steve Jobs erscheinen wird. Bei Ama*zon ist das \u00c3\u00bcber 700 Seiten dicke Buch schon vorbestellbar &#8211; wer sich also ein Exemplar sichern m\u00c3\u00b6chte\u00e2\u20ac\u00a6 Klick! Durch die traurigen Ereignisse in der letzten Woche hat das Buch sicher gute Chancen, die Autobiografie des Jahres werden. Was war er f\u00c3\u00bcr ein Mensch und wie hat er diese Technik-Revolution bewerkstelligt? Wie ging es ihm dabei? Mich interessiert das &#8211; und deswegen habe ich mir das Buch auch vorbestellt und bin schon sehr gespannt, wie alles begann und sich entwickelte. Durch die Medien der letzten Tage habe ich ein paar Dinge \u00c3\u00bcber Steve und die Computergeschichte erfahren, die mir vorher zugegebenermassen nicht klar waren. Und dieses Bewusstsein macht Lust auf mehr. Rest in peace, Steve<\/p>\n","protected":false},"author":1,"featured_media":0,"comment_status":"open","ping_status":"open","sticky":false,"template":"","format":"standard","meta":{"_jetpack_newsletter_access":"","_jetpack_dont_email_post_to_subs":false,"_jetpack_newsletter_tier_id":0,"_jetpack_memberships_contains_paywalled_content":false,"_jetpack_memberships_contains_paid_content":false,"footnotes":""},"categories":[70],"tags":[71,72,402],"class_list":["post-8090","post","type-post","status-publish","format-standard","hentry","category-rund_um_den_mac","tag-apple","tag-mac","tag-rund-um-den-mac"],"jetpack_sharing_enabled":true,"jetpack_shortlink":"https:\/\/wp.me\/pq7aY-26u","jetpack_likes_enabled":true,"jetpack-related-posts":[],"jetpack_featured_media_url":"","_links":{"self":[{"href":"https:\/\/terragina.de\/blog\/wp-json\/wp\/v2\/posts\/8090","targetHints":{"allow":["GET"]}}],"collection":[{"href":"https:\/\/terragina.de\/blog\/wp-json\/wp\/v2\/posts"}],"about":[{"href":"https:\/\/terragina.de\/blog\/wp-json\/wp\/v2\/types\/post"}],"author":[{"embeddable":true,"href":"https:\/\/terragina.de\/blog\/wp-json\/wp\/v2\/users\/1"}],"replies":[{"embeddable":true,"href":"https:\/\/terragina.de\/blog\/wp-json\/wp\/v2\/comments?post=8090"}],"version-history":[{"count":0,"href":"https:\/\/terragina.de\/blog\/wp-json\/wp\/v2\/posts\/8090\/revisions"}],"wp:attachment":[{"href":"https:\/\/terragina.de\/blog\/wp-json\/wp\/v2\/media?parent=8090"}],"wp:term":[{"taxonomy":"category","embeddable":true,"href":"https:\/\/terragina.de\/blog\/wp-json\/wp\/v2\/categories?post=8090"},{"taxonomy":"post_tag","embeddable":true,"href":"https:\/\/terragina.de\/blog\/wp-json\/wp\/v2\/tags?post=8090"}],"curies":[{"name":"wp","href":"https:\/\/api.w.org\/{rel}","templated":true}]}}