{"id":8102,"date":"2011-10-12T17:25:19","date_gmt":"2011-10-12T15:25:19","guid":{"rendered":"http:\/\/terragina.de\/blog\/2011\/10\/12\/inside7-am-12-oktober-2011\/"},"modified":"2011-10-12T18:25:27","modified_gmt":"2011-10-12T16:25:27","slug":"inside7-am-12-oktober-2011","status":"publish","type":"post","link":"https:\/\/terragina.de\/blog\/2011\/10\/12\/inside7-am-12-oktober-2011\/","title":{"rendered":"inside7 am 12. Oktober 2011"},"content":{"rendered":"<p><a href=\"http:\/\/nebenbeibemerkt.de\/?page=inside7.htm\" target=\"blank\"><img loading=\"lazy\" decoding=\"async\" style=\"float: right; margin-left: 10px; margin-bottom: 10px;\" title=\"inside7 von Annelie\" src=\"http:\/\/terragina.de\/blog\/wp-content\/uploads\/2011\/07\/inside7.jpg\" alt=\"Inside7 von Annelie - eigentlich immer mittwochs\" width=\"120\" height=\"120\" \/><\/a>Schon wieder Mittwoch (danke sch\u00c3\u00b6n, Katinka &#8211; ich hoffe, Deine Kommentar bezog sich auf die Gedankenschnipsel von Annelie? Oder hast Du mich an den Mittwoch erinnert, weil heute IOS5 erscheinen soll? Oder bin ich komplett auf dem falschen Dampfer?<\/p>\n<p>Sei es wie es ist &#8211; ich bin jetzt an meinem Macci und kann mich um die heutigen Schnipsel k\u00c3\u00bcmmern. Ein langer Tag im B\u00c3\u00bcro liegt hinter mir, Yoga war heute auch recht anstrengend, zumal ich immer noch etwas huste und mich zwei, drei Kr\u00c3\u00a4mpfe im Fu\u00c3\u0178 bei den Asanas \u00c3\u00bcberrascht haben. Sehr doof.<\/p>\n<p>Nun bin ich daheim und habe einen sehr gut riechenden Kuchen im Ofen &#8211; f\u00c3\u00bcr morgen haben meine Eltern ihren Besuch angek\u00c3\u00bcndigt.<\/p>\n<p>Nun aber hier Annelies Denkanst\u00c3\u00b6sse:<\/p>\n<p>Vor dem Fenster \u00e2\u20ac\u00a6 <strong>sieht es bei uns heute trist und grau aus, w\u00c3\u00a4hrend anderenorts offensichtlich die Sonne scheint, wie ich so manchem Blog entnehmen konnte.<\/strong><\/p>\n<p>gerade bemerkt\u00e2\u20ac\u00a6 <strong>habe ich, dass ich den Kuchen wohl gleich aus dem Ofen holen muss. ;)<\/strong><\/p>\n<p>ich w\u00c3\u00bcrde jetzt gerne\u00e2\u20ac\u00a6 <strong>die Beine ausstrecken und dann vermutlich einschlafen.<\/strong><\/p>\n<p>nicht vergessen\u00e2\u20ac\u00a6 <strong>darf ich allmorgendlich meine Medikamente. Toi, toi, toi &#8211; bislang ist mir das noch nicht 1 x passiert.<\/strong> ;)<\/p>\n<p>ich lese gerade\u00e2\u20ac\u00a6 <strong>Kochrezepte \u00c3\u00bcber Kochrezepte. Auch viele Backrezepte sind dazwischen.<\/strong><\/p>\n<p>ich trage\u00e2\u20ac\u00a6 <strong>Daheim-Wohlf\u00c3\u00bchl-Kleidung. Habe ich doch gerade geduscht und verlasse heute nicht mehr das Haus!<\/strong><\/p>\n<p>ich hoffe\u00e2\u20ac\u00a6 <strong>dass das Tochterkind heute Abend viel Spa\u00c3\u0178 bei Ihrer dritten Fahrschule-Theoriestunde hat. Meine G\u00c3\u00bcte, wie die Zeit rennt &#8211; bald mu\u00c3\u0178 ich mir wohl anh\u00c3\u00b6ren: \u00e2\u20ac\u017eMama, krieg` ich mal Dein Auto?\u00e2\u20ac\u009d<\/strong> :pfeif:<\/p>\n<p><\/p>\n<p><em>Und Ihr so, die Ihr auch die \u00ef\u00a3\u00bf-Ger\u00c3\u00a4te so m\u00c3\u00b6gt? Wartet Ihr schon genauso ungeduldig wie ich auf IOS5? Oder h\u00c3\u00a4lt sich Eure Begeisterung in Grenzen? Ich werde gleich nochmal schauen, ob das Betriebssystem nun verf\u00c3\u00bcgbar ist oder ich mich wirklich noch bis morgen gedulden muss\u00e2\u20ac\u00a6.<\/em><\/p>\n","protected":false},"excerpt":{"rendered":"<p>Schon wieder Mittwoch (danke sch\u00c3\u00b6n, Katinka &#8211; ich hoffe, Deine Kommentar bezog sich auf die Gedankenschnipsel von Annelie? Oder hast Du mich an den Mittwoch erinnert, weil heute IOS5 erscheinen soll? Oder bin ich komplett auf dem falschen Dampfer? Sei es wie es ist &#8211; ich bin jetzt an meinem Macci und kann mich um die heutigen Schnipsel k\u00c3\u00bcmmern. Ein langer Tag im B\u00c3\u00bcro liegt hinter mir, Yoga war heute auch recht anstrengend, zumal ich immer noch etwas huste und mich zwei, drei Kr\u00c3\u00a4mpfe im Fu\u00c3\u0178 bei den Asanas \u00c3\u00bcberrascht haben. Sehr doof. Nun bin ich daheim und habe einen sehr gut riechenden Kuchen im Ofen &#8211; f\u00c3\u00bcr morgen haben meine Eltern ihren Besuch angek\u00c3\u00bcndigt. Nun aber hier Annelies Denkanst\u00c3\u00b6sse: Vor dem Fenster \u00e2\u20ac\u00a6 sieht es bei uns heute trist und grau aus, w\u00c3\u00a4hrend anderenorts offensichtlich die Sonne scheint, wie ich so manchem Blog entnehmen konnte. gerade bemerkt\u00e2\u20ac\u00a6 habe ich, dass ich den Kuchen wohl gleich aus dem Ofen holen muss. ;) ich w\u00c3\u00bcrde jetzt gerne\u00e2\u20ac\u00a6 die Beine ausstrecken und dann vermutlich einschlafen. nicht vergessen\u00e2\u20ac\u00a6 &hellip;<\/p>\n","protected":false},"author":1,"featured_media":0,"comment_status":"open","ping_status":"open","sticky":false,"template":"","format":"standard","meta":{"_jetpack_newsletter_access":"","_jetpack_dont_email_post_to_subs":false,"_jetpack_newsletter_tier_id":0,"_jetpack_memberships_contains_paywalled_content":false,"_jetpack_memberships_contains_paid_content":false,"footnotes":""},"categories":[114,94],"tags":[973,969],"class_list":["post-8102","post","type-post","status-publish","format-standard","hentry","category-plauderecke","category-stoeckchen","tag-plauderecke","tag-stoeckchen"],"jetpack_sharing_enabled":true,"jetpack_shortlink":"https:\/\/wp.me\/pq7aY-26G","jetpack_likes_enabled":true,"jetpack-related-posts":[],"jetpack_featured_media_url":"","_links":{"self":[{"href":"https:\/\/terragina.de\/blog\/wp-json\/wp\/v2\/posts\/8102","targetHints":{"allow":["GET"]}}],"collection":[{"href":"https:\/\/terragina.de\/blog\/wp-json\/wp\/v2\/posts"}],"about":[{"href":"https:\/\/terragina.de\/blog\/wp-json\/wp\/v2\/types\/post"}],"author":[{"embeddable":true,"href":"https:\/\/terragina.de\/blog\/wp-json\/wp\/v2\/users\/1"}],"replies":[{"embeddable":true,"href":"https:\/\/terragina.de\/blog\/wp-json\/wp\/v2\/comments?post=8102"}],"version-history":[{"count":0,"href":"https:\/\/terragina.de\/blog\/wp-json\/wp\/v2\/posts\/8102\/revisions"}],"wp:attachment":[{"href":"https:\/\/terragina.de\/blog\/wp-json\/wp\/v2\/media?parent=8102"}],"wp:term":[{"taxonomy":"category","embeddable":true,"href":"https:\/\/terragina.de\/blog\/wp-json\/wp\/v2\/categories?post=8102"},{"taxonomy":"post_tag","embeddable":true,"href":"https:\/\/terragina.de\/blog\/wp-json\/wp\/v2\/tags?post=8102"}],"curies":[{"name":"wp","href":"https:\/\/api.w.org\/{rel}","templated":true}]}}