{"id":8628,"date":"2011-10-26T17:17:13","date_gmt":"2011-10-26T15:17:13","guid":{"rendered":"http:\/\/terragina.de\/blog\/2011\/10\/26\/inside7-am-26-oktober-2011\/"},"modified":"2011-10-26T17:20:50","modified_gmt":"2011-10-26T15:20:50","slug":"inside7-am-26-oktober-2011","status":"publish","type":"post","link":"https:\/\/terragina.de\/blog\/2011\/10\/26\/inside7-am-26-oktober-2011\/","title":{"rendered":"inside7 am 26. Oktober 2011"},"content":{"rendered":"<p><a href=\"http:\/\/nebenbeibemerkt.de\/?page=inside7.htm\" target=\"blank\"><img loading=\"lazy\" decoding=\"async\" style=\"float: right; margin-left: 10px; margin-bottom: 10px;\" title=\"inside7 von Annelie\" src=\"http:\/\/terragina.de\/blog\/wp-content\/uploads\/2011\/07\/inside7.jpg\" alt=\"Inside7 von Annelie - eigentlich immer mittwochs\" width=\"120\" height=\"120\" \/><\/a>Bevor der Oktober ganz vorbei ist, m\u00c3\u00b6chte ich noch einmal bei Annelies Inside7 mitmachen. :yes1:<\/p>\n<p>Es ist schon sp\u00c3\u00a4ter Nachmittag und ich bin zugegebenermassen ein wenig KO. Unsere Yoga-Lehrerin hat uns heute ganz sch\u00c3\u00b6n getriezt und irgendwie merke ich auch meinen R\u00c3\u00bccken und die Arme. Und trotzdem kann ich sagen, dass mir die Bewegung gut tut. Und das Lob, was ich vom neuen Doc bekommen habe, weil ich auch ein wenig Sport treibe, tat noch besser. ;)<\/p>\n<p><\/p>\n<p>im Herbst\u00e2\u20ac\u00a6 <font color=\"#008F58\">liebe ich ganz besonders die bunt gef\u00c3\u00a4rbten Bl\u00c3\u00a4tter und genie\u00c3\u0178e es, wieder jeden Abend Kerzen anzuz\u00c3\u00bcnden. Die Stunden sind gez\u00c3\u00a4hlt, bis die Uhren wieder eine Stunde zur\u00c3\u00bcck gestellt werden und es noch fr\u00c3\u00bcher dunkel &#8211; und damit auch gem\u00c3\u00bctlicher &#8211; wird.<\/font><\/p>\n<p>im Winter\u00e2\u20ac\u00a6 <font color=\"#008F58\">w\u00c3\u00bcnsche ich mir Schnee. Auch wenn ich es gar nicht mag, dann morgens \u00c3\u00bcber schneeglatte Stra\u00c3\u0178en zu fahren. Landschaftlich gibt es kaum etwas Sch\u00c3\u00b6neres, als tief-verschneite, leise Landschaft. Besonders mag ich das nat\u00c3\u00bcrlich in der Weihnachtszeit, wenn \u00c3\u00bcberall h\u00c3\u00bcbsche Lichter brennen. Und ich mag Gl\u00c3\u00bchwein\u00e2\u20ac\u00a6. :)<\/font><\/p>\n<p>morgens\u00e2\u20ac\u00a6 <font color=\"#008F58\">komme ich derzeit gut aus dem Bett &#8211; was nicht zuletzt daran liegt, dass ich abends zwischen 21.00 und 21:30 Uhr mein Bett aufsuche.<\/font><\/p>\n<p>mittags\u00e2\u20ac\u00a6 <font color=\"#008F58\">gibt es meist daheim eine Menge zu tun. Kochen, aufr\u00c3\u00a4umen, putzen, b\u00c3\u00bcgeln&#8230; Aber auch ein wenig relaxen, wenn mir danach ist. Sch\u00c3\u00b6n, dass ich um 12 Uhr Feierabend habe (au\u00c3\u0178er mittwochs\u00e2\u20ac\u00a6) ;)<\/font><\/p>\n<p>abends\u00e2\u20ac\u00a6 <font color=\"#008F58\">nehme ich eigentlich immer meinen Sessel in Beschlag und lege die F\u00c3\u00bcsse hoch. Dazu der oben bereits erw\u00c3\u00a4hnte Kerzenschein, bei K\u00c3\u00a4lte eine Kuscheldecke und eine sch\u00c3\u00b6ne Tasse Tee.<\/font><\/p>\n<p>gefreut\u00e2\u20ac\u00a6 <font color=\"#008F58\">habe ich mich heute sehr, dass die Kinder einen wundersch\u00c3\u00b6nen Salat vorbereitet haben und ich eigentlich nichts mehr zu tun hatte.<\/font> :hearts:<\/p>\n<p>gerade eben\u00e2\u20ac\u00a6 <font color=\"#008F58\">habe ich heraus gefunden, wie ich vom Laptop aus auf meine komplette Musiksammlung auf dem iMac zugreifen kann &#8211; dar\u00c3\u00bcber freue ich mich sehr!<\/font> :dance:<\/p>\n<p><\/p>\n<p><em>Wer von Euch &#8211; wie ich &#8211; auch Lust hat, seinen Gedanken einen kleinen Kick zu geben &#8211; einfach oben auf das Logo klicken.<\/em><\/p>\n","protected":false},"excerpt":{"rendered":"<p>Bevor der Oktober ganz vorbei ist, m\u00c3\u00b6chte ich noch einmal bei Annelies Inside7 mitmachen. :yes1: Es ist schon sp\u00c3\u00a4ter Nachmittag und ich bin zugegebenermassen ein wenig KO. Unsere Yoga-Lehrerin hat uns heute ganz sch\u00c3\u00b6n getriezt und irgendwie merke ich auch meinen R\u00c3\u00bccken und die Arme. Und trotzdem kann ich sagen, dass mir die Bewegung gut tut. Und das Lob, was ich vom neuen Doc bekommen habe, weil ich auch ein wenig Sport treibe, tat noch besser. ;) im Herbst\u00e2\u20ac\u00a6 liebe ich ganz besonders die bunt gef\u00c3\u00a4rbten Bl\u00c3\u00a4tter und genie\u00c3\u0178e es, wieder jeden Abend Kerzen anzuz\u00c3\u00bcnden. Die Stunden sind gez\u00c3\u00a4hlt, bis die Uhren wieder eine Stunde zur\u00c3\u00bcck gestellt werden und es noch fr\u00c3\u00bcher dunkel &#8211; und damit auch gem\u00c3\u00bctlicher &#8211; wird. im Winter\u00e2\u20ac\u00a6 w\u00c3\u00bcnsche ich mir Schnee. Auch wenn ich es gar nicht mag, dann morgens \u00c3\u00bcber schneeglatte Stra\u00c3\u0178en zu fahren. Landschaftlich gibt es kaum etwas Sch\u00c3\u00b6neres, als tief-verschneite, leise Landschaft. Besonders mag ich das nat\u00c3\u00bcrlich in der Weihnachtszeit, wenn \u00c3\u00bcberall h\u00c3\u00bcbsche Lichter brennen. Und ich mag Gl\u00c3\u00bchwein\u00e2\u20ac\u00a6. :) morgens\u00e2\u20ac\u00a6 komme ich derzeit gut aus dem &hellip;<\/p>\n","protected":false},"author":1,"featured_media":0,"comment_status":"open","ping_status":"open","sticky":false,"template":"","format":"standard","meta":{"_jetpack_newsletter_access":"","_jetpack_dont_email_post_to_subs":false,"_jetpack_newsletter_tier_id":0,"_jetpack_memberships_contains_paywalled_content":false,"_jetpack_memberships_contains_paid_content":false,"footnotes":""},"categories":[114],"tags":[973],"class_list":["post-8628","post","type-post","status-publish","format-standard","hentry","category-plauderecke","tag-plauderecke"],"jetpack_sharing_enabled":true,"jetpack_shortlink":"https:\/\/wp.me\/pq7aY-2fa","jetpack_likes_enabled":true,"jetpack-related-posts":[],"jetpack_featured_media_url":"","_links":{"self":[{"href":"https:\/\/terragina.de\/blog\/wp-json\/wp\/v2\/posts\/8628","targetHints":{"allow":["GET"]}}],"collection":[{"href":"https:\/\/terragina.de\/blog\/wp-json\/wp\/v2\/posts"}],"about":[{"href":"https:\/\/terragina.de\/blog\/wp-json\/wp\/v2\/types\/post"}],"author":[{"embeddable":true,"href":"https:\/\/terragina.de\/blog\/wp-json\/wp\/v2\/users\/1"}],"replies":[{"embeddable":true,"href":"https:\/\/terragina.de\/blog\/wp-json\/wp\/v2\/comments?post=8628"}],"version-history":[{"count":0,"href":"https:\/\/terragina.de\/blog\/wp-json\/wp\/v2\/posts\/8628\/revisions"}],"wp:attachment":[{"href":"https:\/\/terragina.de\/blog\/wp-json\/wp\/v2\/media?parent=8628"}],"wp:term":[{"taxonomy":"category","embeddable":true,"href":"https:\/\/terragina.de\/blog\/wp-json\/wp\/v2\/categories?post=8628"},{"taxonomy":"post_tag","embeddable":true,"href":"https:\/\/terragina.de\/blog\/wp-json\/wp\/v2\/tags?post=8628"}],"curies":[{"name":"wp","href":"https:\/\/api.w.org\/{rel}","templated":true}]}}