{"id":8641,"date":"2011-10-28T16:11:20","date_gmt":"2011-10-28T14:11:20","guid":{"rendered":"http:\/\/terragina.de\/blog\/2011\/10\/28\/freitags-fuller-135\/"},"modified":"2011-10-28T16:11:20","modified_gmt":"2011-10-28T14:11:20","slug":"freitags-fuller-135","status":"publish","type":"post","link":"https:\/\/terragina.de\/blog\/2011\/10\/28\/freitags-fuller-135\/","title":{"rendered":"Freitags-F\u00c3\u00bcller #135"},"content":{"rendered":"<p>Die Teenagerin des Hauses beschwerte sich gerade: \u00e2\u20ac\u017eMama, Du hast ja heute noch gar keinen Freitags-F\u00c3\u00bcller ausgef\u00c3\u00bcllt?!&#8220; Das stimmt &#8211; irgendwie kam ich den ganzen Morgen nicht dazu. Diverse Dinge wollten erledigt werden. Putzen, staubsaugen, abstauben, ein Paket zur Poststelle bringen, Einkaufen, Kochen, Pakete auspacken, die K\u00c3\u00bcche aufr\u00c3\u00a4umen, ein Rezept heraus suchen\u00e2\u20ac\u00a6 und schwupp-di-wupp ist es kurz vor 16 Uhr.<\/p>\n<p>Aber jetzt\u00e2\u20ac\u00a6 hier kommt er, der<\/p>\n<p><\/p>\n<div style=\"text-align: center;\">\n  <a title=\"Barbara`s Scrap-Impulse mitnehmen\" href=\"http:\/\/scrap-impulse.typepad.com\/scrapimpulse\/2011\/10\/freitags-f%C3%BCller-135.html\"><img loading=\"lazy\" decoding=\"async\" src=\"http:\/\/terragina.de\/blog\/images\/freitags_fueller.jpg\" alt=\"freitags_fueller.jpg\" width=\"400\" height=\"87\" \/><\/a><a title=\"Barbara`s Scrap-Impulse mitnehmen\" href=\"http:\/\/scrap-impulse.typepad.com\/scrapimpulse\/2011\/10\/freitags-f%C3%BCller-134.html\"><br \/><\/a>\n<\/div>\n<p>von Barbara, lieben Dank an dieser Stelle f\u00c3\u00bcr die all-w\u00c3\u00b6chentlichen Denkanst\u00c3\u00b6sse. :)<\/p>\n<p><\/p>\n<p>1. Auf jeden Fall <font color=\"#A8313D\">m\u00c3\u00bcssen wir uns in den n\u00c3\u00a4chsten Tagen um den Garten k\u00c3\u00bcmmern &#8211; es wird wirklich h\u00c3\u00b6chste Zeit<\/font><font color=\"#A9591F\">.<\/font><\/p>\n<p>2. <font color=\"#A8313D\">Wann ich nun Kuchen backen werde, wei\u00c3\u0178 ich noch<\/font> nicht genau.<\/p>\n<p>3. Halloween <font color=\"#A8313D\">wird auch in diesem Jahr sang- und klanglos an uns vor\u00c3\u00bcberziehen<\/font>. ;)<\/p>\n<p><b><span style=\"font-weight: normal;\">4.<\/span><\/b> <b><span style=\"font-weight: normal;\"><font color=\"#A8313D\">Die Winterreifen sind aufgezogen (schon seit 14 Tagen), die dicken Jacken h\u00c3\u00a4ngen in der Garderobe, die Stiefel sind geputzt und Gl\u00c3\u00bchwein ist auch im Haus<\/font> jetzt kann der Winter kommen.<\/span><\/b><\/p>\n<p>5. Der gro\u00c3\u0178e Unterschied <font color=\"#A8313D\">zwischen dem Hobbykoch und mir: Ich bin morgens meistens fit, er braucht erstmal `ne Stunde zum wach werden.<\/font><\/p>\n<p>6. Mein Hobby <font color=\"#A8313D\">kommt im Moment definitiv zu kurz und Weihnachten r\u00c3\u00bcckt immer n\u00c3\u00a4her\u00e2\u20ac\u00a6 *soifz*<\/font><\/p>\n<p>7. Was das Wochenende angeht, heute Abend freue ich mich auf <font color=\"#A8313D\">den Besuch unserer Nichte<\/font>, morgen habe ich <font color=\"#A8313D\">ein wenig Hausputz, Kuchen backen (oder doch heute noch?) und evtl. den Garten winterfest machen<\/font> geplant und Sonntag m\u00c3\u00b6chte ich <font color=\"#A8313D\">entspannen, entspannen, entspannen<\/font>.<\/p>\n<p><\/p>\n<p><em>Eigentlich h\u00c3\u00a4tte ich hier noch zwei sch\u00c3\u00b6ne Rezepte liegen, die ich gern noch bloggen w\u00c3\u00bcrde. Aber ich wei\u00c3\u0178 nicht, ob ich heute irgendwann noch die Muse dazu habe\u00e2\u20ac\u00a6 Euch allen w\u00c3\u00bcnsche ich ein sch\u00c3\u00b6nes, sonniges Wochenende &#8211; die Temperaturen sollen ja recht angenehm werden. ;)<\/em><\/p>\n","protected":false},"excerpt":{"rendered":"<p>Die Teenagerin des Hauses beschwerte sich gerade: \u00e2\u20ac\u017eMama, Du hast ja heute noch gar keinen Freitags-F\u00c3\u00bcller ausgef\u00c3\u00bcllt?!&#8220; Das stimmt &#8211; irgendwie kam ich den ganzen Morgen nicht dazu. Diverse Dinge wollten erledigt werden. Putzen, staubsaugen, abstauben, ein Paket zur Poststelle bringen, Einkaufen, Kochen, Pakete auspacken, die K\u00c3\u00bcche aufr\u00c3\u00a4umen, ein Rezept heraus suchen\u00e2\u20ac\u00a6 und schwupp-di-wupp ist es kurz vor 16 Uhr. Aber jetzt\u00e2\u20ac\u00a6 hier kommt er, der von Barbara, lieben Dank an dieser Stelle f\u00c3\u00bcr die all-w\u00c3\u00b6chentlichen Denkanst\u00c3\u00b6sse. :) 1. Auf jeden Fall m\u00c3\u00bcssen wir uns in den n\u00c3\u00a4chsten Tagen um den Garten k\u00c3\u00bcmmern &#8211; es wird wirklich h\u00c3\u00b6chste Zeit. 2. Wann ich nun Kuchen backen werde, wei\u00c3\u0178 ich noch nicht genau. 3. Halloween wird auch in diesem Jahr sang- und klanglos an uns vor\u00c3\u00bcberziehen. ;) 4. Die Winterreifen sind aufgezogen (schon seit 14 Tagen), die dicken Jacken h\u00c3\u00a4ngen in der Garderobe, die Stiefel sind geputzt und Gl\u00c3\u00bchwein ist auch im Haus jetzt kann der Winter kommen. 5. Der gro\u00c3\u0178e Unterschied zwischen dem Hobbykoch und mir: Ich bin morgens meistens fit, er braucht erstmal `ne Stunde &hellip;<\/p>\n","protected":false},"author":1,"featured_media":0,"comment_status":"open","ping_status":"open","sticky":false,"template":"","format":"standard","meta":{"_jetpack_newsletter_access":"","_jetpack_dont_email_post_to_subs":false,"_jetpack_newsletter_tier_id":0,"_jetpack_memberships_contains_paywalled_content":false,"_jetpack_memberships_contains_paid_content":false,"footnotes":""},"categories":[114,94],"tags":[973,969],"class_list":["post-8641","post","type-post","status-publish","format-standard","hentry","category-plauderecke","category-stoeckchen","tag-plauderecke","tag-stoeckchen"],"jetpack_sharing_enabled":true,"jetpack_shortlink":"https:\/\/wp.me\/pq7aY-2fn","jetpack_likes_enabled":true,"jetpack-related-posts":[],"jetpack_featured_media_url":"","_links":{"self":[{"href":"https:\/\/terragina.de\/blog\/wp-json\/wp\/v2\/posts\/8641","targetHints":{"allow":["GET"]}}],"collection":[{"href":"https:\/\/terragina.de\/blog\/wp-json\/wp\/v2\/posts"}],"about":[{"href":"https:\/\/terragina.de\/blog\/wp-json\/wp\/v2\/types\/post"}],"author":[{"embeddable":true,"href":"https:\/\/terragina.de\/blog\/wp-json\/wp\/v2\/users\/1"}],"replies":[{"embeddable":true,"href":"https:\/\/terragina.de\/blog\/wp-json\/wp\/v2\/comments?post=8641"}],"version-history":[{"count":0,"href":"https:\/\/terragina.de\/blog\/wp-json\/wp\/v2\/posts\/8641\/revisions"}],"wp:attachment":[{"href":"https:\/\/terragina.de\/blog\/wp-json\/wp\/v2\/media?parent=8641"}],"wp:term":[{"taxonomy":"category","embeddable":true,"href":"https:\/\/terragina.de\/blog\/wp-json\/wp\/v2\/categories?post=8641"},{"taxonomy":"post_tag","embeddable":true,"href":"https:\/\/terragina.de\/blog\/wp-json\/wp\/v2\/tags?post=8641"}],"curies":[{"name":"wp","href":"https:\/\/api.w.org\/{rel}","templated":true}]}}