{"id":8691,"date":"2011-11-08T16:21:12","date_gmt":"2011-11-08T15:21:12","guid":{"rendered":"http:\/\/terragina.de\/blog\/2011\/11\/08\/eben-auf-dem-kratzbaum\/"},"modified":"2011-11-08T16:21:12","modified_gmt":"2011-11-08T15:21:12","slug":"eben-auf-dem-kratzbaum","status":"publish","type":"post","link":"https:\/\/terragina.de\/blog\/2011\/11\/08\/eben-auf-dem-kratzbaum\/","title":{"rendered":"Eben auf dem Kratzbaum"},"content":{"rendered":"<p>Es ist mal wieder Zeit f\u00c3\u00bcr ein paar Katzenfotos. Und mit unserem K\u00c3\u00a4sew\u00c3\u00bcrfelchen haben wir derzeit viel Spa\u00c3\u0178. Auch wenn er immer wieder mit dem Macbook schmusen m\u00c3\u00b6chte (und ich da was dagegen habe), so kommt er doch immer mehr zum \u00e2\u20ac\u017eGestreichelt-und-gekrault-werden\u00e2\u20ac\u009d. Dieser Aufforderung kommen wir nat\u00c3\u00bcrlich gerne nach. So langsam scheint er sich zum Schmusekater zu entwickeln, sch\u00c3\u00b6n ist das! Und das Fell ist derzeit auch ok. Ganz langsam gew\u00c3\u00b6hnt er sich mehr und mehr an eine meiner beiden B\u00c3\u00bcrsten.<\/p>\n<p>Daf\u00c3\u00bcr ist Frl. Nala aber wieder fauler geworden, was die Putzerei angeht. Zu zweit haben wir die Fellnase aber ganz gut im Griff und k\u00c3\u00b6nnen mit vereinten Kr\u00c3\u00a4ften die Fellm\u00c3\u00a4use entfernen.<\/p>\n<p>Jetzt aber ein paar soeben geknipste Bilder:<\/p>\n<p><\/p>\n<div style=\"text-align: center;\">\n  <img loading=\"lazy\" decoding=\"async\" src=\"http:\/\/terragina.de\/blog\/wp-content\/uploads\/2011\/11\/padano_20111108_01.jpg\" width=\"580\" height=\"435\" alt=\"padano_20111108_01.jpg\" \/>\n<\/div>\n<div style=\"text-align: center;\">\n  \n<\/div>\n<div style=\"text-align: center;\">\n  <img loading=\"lazy\" decoding=\"async\" src=\"http:\/\/terragina.de\/blog\/wp-content\/uploads\/2011\/11\/nala_padano_20111108_01.jpg\" width=\"580\" height=\"435\" alt=\"nala_padano_20111108_01.jpg\" \/>\n<\/div>\n<div style=\"text-align: center;\">\n  \n<\/div>\n<div style=\"text-align: center;\">\n  <img loading=\"lazy\" decoding=\"async\" src=\"http:\/\/terragina.de\/blog\/wp-content\/uploads\/2011\/11\/nala_padano_20111108_02.jpg\" width=\"580\" height=\"435\" alt=\"nala_padano_20111108_02.jpg\" \/>\n<\/div>\n<p>Leider sind die Fotos ein wenig dunkel geworden &#8211; aber sie gefallen mir trotzdem gut! \u00c3\u0153brigens sehr nett von Padano, ab und an auch mal unsere Nalamaus abzuschlabbern. :catlove:<\/p>\n","protected":false},"excerpt":{"rendered":"<p>Es ist mal wieder Zeit f\u00c3\u00bcr ein paar Katzenfotos. Und mit unserem K\u00c3\u00a4sew\u00c3\u00bcrfelchen haben wir derzeit viel Spa\u00c3\u0178. Auch wenn er immer wieder mit dem Macbook schmusen m\u00c3\u00b6chte (und ich da was dagegen habe), so kommt er doch immer mehr zum \u00e2\u20ac\u017eGestreichelt-und-gekrault-werden\u00e2\u20ac\u009d. Dieser Aufforderung kommen wir nat\u00c3\u00bcrlich gerne nach. So langsam scheint er sich zum Schmusekater zu entwickeln, sch\u00c3\u00b6n ist das! Und das Fell ist derzeit auch ok. Ganz langsam gew\u00c3\u00b6hnt er sich mehr und mehr an eine meiner beiden B\u00c3\u00bcrsten. Daf\u00c3\u00bcr ist Frl. Nala aber wieder fauler geworden, was die Putzerei angeht. Zu zweit haben wir die Fellnase aber ganz gut im Griff und k\u00c3\u00b6nnen mit vereinten Kr\u00c3\u00a4ften die Fellm\u00c3\u00a4use entfernen. Jetzt aber ein paar soeben geknipste Bilder: Leider sind die Fotos ein wenig dunkel geworden &#8211; aber sie gefallen mir trotzdem gut! \u00c3\u0153brigens sehr nett von Padano, ab und an auch mal unsere Nalamaus abzuschlabbern. :catlove:<\/p>\n","protected":false},"author":1,"featured_media":0,"comment_status":"open","ping_status":"open","sticky":false,"template":"","format":"standard","meta":{"_jetpack_newsletter_access":"","_jetpack_dont_email_post_to_subs":false,"_jetpack_newsletter_tier_id":0,"_jetpack_memberships_contains_paywalled_content":false,"_jetpack_memberships_contains_paid_content":false,"footnotes":""},"categories":[],"tags":[25,39,30,353,418],"class_list":["post-8691","post","type-post","status-publish","format-standard","hentry","tag-cats","tag-katzen","tag-maine-coon","tag-nala","tag-padano"],"jetpack_sharing_enabled":true,"jetpack_shortlink":"https:\/\/wp.me\/pq7aY-2gb","jetpack_likes_enabled":true,"jetpack-related-posts":[],"jetpack_featured_media_url":"","_links":{"self":[{"href":"https:\/\/terragina.de\/blog\/wp-json\/wp\/v2\/posts\/8691","targetHints":{"allow":["GET"]}}],"collection":[{"href":"https:\/\/terragina.de\/blog\/wp-json\/wp\/v2\/posts"}],"about":[{"href":"https:\/\/terragina.de\/blog\/wp-json\/wp\/v2\/types\/post"}],"author":[{"embeddable":true,"href":"https:\/\/terragina.de\/blog\/wp-json\/wp\/v2\/users\/1"}],"replies":[{"embeddable":true,"href":"https:\/\/terragina.de\/blog\/wp-json\/wp\/v2\/comments?post=8691"}],"version-history":[{"count":0,"href":"https:\/\/terragina.de\/blog\/wp-json\/wp\/v2\/posts\/8691\/revisions"}],"wp:attachment":[{"href":"https:\/\/terragina.de\/blog\/wp-json\/wp\/v2\/media?parent=8691"}],"wp:term":[{"taxonomy":"category","embeddable":true,"href":"https:\/\/terragina.de\/blog\/wp-json\/wp\/v2\/categories?post=8691"},{"taxonomy":"post_tag","embeddable":true,"href":"https:\/\/terragina.de\/blog\/wp-json\/wp\/v2\/tags?post=8691"}],"curies":[{"name":"wp","href":"https:\/\/api.w.org\/{rel}","templated":true}]}}