{"id":8785,"date":"2011-11-25T16:07:30","date_gmt":"2011-11-25T15:07:30","guid":{"rendered":"http:\/\/terragina.de\/blog\/2011\/11\/25\/freitags-fuller-139\/"},"modified":"2011-11-25T19:13:07","modified_gmt":"2011-11-25T18:13:07","slug":"freitags-fuller-139","status":"publish","type":"post","link":"https:\/\/terragina.de\/blog\/2011\/11\/25\/freitags-fuller-139\/","title":{"rendered":"Freitags-F\u00c3\u00bcller #139"},"content":{"rendered":"<p>Es ist schon Nachmittag und gerade bekam ich eine WhatsApp-Nachricht, ob ich denn heute keinen Freitags-F\u00c3\u00bcller blogge. :blush: Jaja, die lieben Gewohnheiten\u00e2\u20ac\u00a6.<\/p>\n<p>Der Tag begann mit einem Besuch bei der Zahn\u00c3\u00a4rztin meines Vertrauens, danach gab es noch einige Dinge zu erledigen. Zum Mittagessen habe ich heute nur Pellkartoffeln mit Sahne-Hering gemacht &#8211; schnell, lecker und lange nicht mehr gegessen. Und nun sitze ich hier und widme mich dem heutigen<\/p>\n<p><\/p>\n<div style=\"text-align: center;\">\n  <a title=\"Barbara`s Scrap-Impulse mitnehmen\" href=\"http:\/\/scrap-impulse.typepad.com\/scrapimpulse\/2011\/11\/freitags-f%C3%BCller-139.html\"><img loading=\"lazy\" decoding=\"async\" src=\"http:\/\/terragina.de\/blog\/images\/freitags_fueller.jpg\" alt=\"freitags_fueller.jpg\" width=\"400\" height=\"87\" \/><\/a>\n<\/div>\n<p>bevor ich dann in die K\u00c3\u00bcche eile, um den n\u00c3\u00a4chsten Pl\u00c3\u00a4tzchenteig vorzubereiten.<\/p>\n<p><\/p>\n<p>1. Ich k\u00c3\u00b6nnte mal wieder <font color=\"#9B2641\">ein wenig Querfl\u00c3\u00b6te spielen. Fiel mir gestern beim Anblick des Strassenmusikanten ein, der sich mit kalten Fingern ein paar Euro verdienen wollte<\/font>.<\/p>\n<p>2. <font color=\"#9B2641\">Bei Marmeladenbrot geh\u00c3\u00b6rt f\u00c3\u00bcr mich Butter<\/font> drunter.<\/p>\n<p>3. Blo\u00c3\u0178 nicht <font color=\"#9B2641\">vergessen, noch einmal Mehl zu kaufen &#8211; sonst wird`s nichts mit den n\u00c3\u00a4chsten Weihnachtspl\u00c3\u00a4tzchen<\/font>.<\/p>\n<p><b><span style=\"font-weight: normal;\">4.<\/span><\/b> <b><span style=\"font-weight: normal;\"><font color=\"#9B2641\">Gestern waren die Teenagerin und ich das erste Mal auf dem Frankfurter<\/font> Weihnachtsmarkt.<\/span><\/b><\/p>\n<p>5. An meiner T\u00c3\u00bcr <font color=\"#9B2641\">fehlt noch der weihnachtliche Dekokranz. Leider ist er der Ausmist-Aktion zum Opfer gefallen. Ich glaube, dieses Jahr m\u00c3\u00bcssen wir ohne auskommen<\/font><\/p>\n<p>6. <font color=\"#9B2641\">Typisch &#8211; kaum wird es draussen k\u00c3\u00a4lter und winterlich, reisst mir die Haut an den<\/font> Fingerspitzen. :(<\/p>\n<p>7. Was das Wochenende angeht, heute Abend freue ich mich auf <font color=\"#9B2641\">\u00e2\u20ac\u017eThe Voice of Germany\u00e2\u20ac\u009d und eine sch\u00c3\u00b6ne hei\u00c3\u0178e Tasse Gl\u00c3\u00bchwein<\/font>, morgen habe ich <font color=\"#9B2641\">das allj\u00c3\u00a4hrliche gemeinsame (und eigentlich schon obligatorische) Vanillekipferl-Backen mit meiner Freundin<\/font> geplant und Sonntag m\u00c3\u00b6chte ich <font color=\"#9B2641\">schauen, was der Tag so bringt und wozu wir Lust haben<\/font>.<\/p>\n<p><\/p>\n<p><em>Der Back-Wahn ist also noch nicht vorbei und auch mit dem Bloggen bin ich im R\u00c3\u00bcckstand. In den Pl\u00c3\u00a4tzchendosen sind Pfaffenh\u00c3\u00bctchen (leider nicht sooo gelungen und somit nicht blog-tauglich), zweierlei Spitzbuben (und welches bitte ist jetzt das ultimative Spitzbuben-Rezept? Eine Never-Ending-Story\u00e2\u20ac\u00a6..), Himbeer-Prassel-Pl\u00c3\u00a4tzchen und Spritzgeb\u00c3\u00a4ck. Ein paar Dosen sind noch leer und ich \u00c3\u00bcberlege noch. Einige Backzutaten liegen hier noch bereit, so z.B. wei\u00c3\u0178e und dunkle Kuvert\u00c3\u00bcre, gehackte Haseln\u00c3\u00bcsse, K\u00c3\u00b6rnermischungen, gesch\u00c3\u00a4lte gehackte Mandeln, Walnusskerne, Marzipan und Nougat.<\/em><\/p>\n<p style=\"text-align: center;\"><em>:advent:<\/em><\/p>\n<p><em><span style=\"font-style: normal;\"><em>Ich werde berichten, wenn die Zeit gekommen ist. Und Euch allen w\u00c3\u00bcnsche ich einen sch\u00c3\u00b6nen, ruhigen 1. Advent!<\/em><\/span><br \/><\/em><\/p>\n","protected":false},"excerpt":{"rendered":"<p>Es ist schon Nachmittag und gerade bekam ich eine WhatsApp-Nachricht, ob ich denn heute keinen Freitags-F\u00c3\u00bcller blogge. :blush: Jaja, die lieben Gewohnheiten\u00e2\u20ac\u00a6. Der Tag begann mit einem Besuch bei der Zahn\u00c3\u00a4rztin meines Vertrauens, danach gab es noch einige Dinge zu erledigen. Zum Mittagessen habe ich heute nur Pellkartoffeln mit Sahne-Hering gemacht &#8211; schnell, lecker und lange nicht mehr gegessen. Und nun sitze ich hier und widme mich dem heutigen bevor ich dann in die K\u00c3\u00bcche eile, um den n\u00c3\u00a4chsten Pl\u00c3\u00a4tzchenteig vorzubereiten. 1. Ich k\u00c3\u00b6nnte mal wieder ein wenig Querfl\u00c3\u00b6te spielen. Fiel mir gestern beim Anblick des Strassenmusikanten ein, der sich mit kalten Fingern ein paar Euro verdienen wollte. 2. Bei Marmeladenbrot geh\u00c3\u00b6rt f\u00c3\u00bcr mich Butter drunter. 3. Blo\u00c3\u0178 nicht vergessen, noch einmal Mehl zu kaufen &#8211; sonst wird`s nichts mit den n\u00c3\u00a4chsten Weihnachtspl\u00c3\u00a4tzchen. 4. Gestern waren die Teenagerin und ich das erste Mal auf dem Frankfurter Weihnachtsmarkt. 5. An meiner T\u00c3\u00bcr fehlt noch der weihnachtliche Dekokranz. Leider ist er der Ausmist-Aktion zum Opfer gefallen. Ich glaube, dieses Jahr m\u00c3\u00bcssen wir ohne auskommen 6. Typisch &#8211; &hellip;<\/p>\n","protected":false},"author":1,"featured_media":0,"comment_status":"open","ping_status":"open","sticky":false,"template":"","format":"standard","meta":{"_jetpack_newsletter_access":"","_jetpack_dont_email_post_to_subs":false,"_jetpack_newsletter_tier_id":0,"_jetpack_memberships_contains_paywalled_content":false,"_jetpack_memberships_contains_paid_content":false,"footnotes":""},"categories":[114,94],"tags":[973,969],"class_list":["post-8785","post","type-post","status-publish","format-standard","hentry","category-plauderecke","category-stoeckchen","tag-plauderecke","tag-stoeckchen"],"jetpack_sharing_enabled":true,"jetpack_shortlink":"https:\/\/wp.me\/pq7aY-2hH","jetpack_likes_enabled":true,"jetpack-related-posts":[],"jetpack_featured_media_url":"","_links":{"self":[{"href":"https:\/\/terragina.de\/blog\/wp-json\/wp\/v2\/posts\/8785","targetHints":{"allow":["GET"]}}],"collection":[{"href":"https:\/\/terragina.de\/blog\/wp-json\/wp\/v2\/posts"}],"about":[{"href":"https:\/\/terragina.de\/blog\/wp-json\/wp\/v2\/types\/post"}],"author":[{"embeddable":true,"href":"https:\/\/terragina.de\/blog\/wp-json\/wp\/v2\/users\/1"}],"replies":[{"embeddable":true,"href":"https:\/\/terragina.de\/blog\/wp-json\/wp\/v2\/comments?post=8785"}],"version-history":[{"count":0,"href":"https:\/\/terragina.de\/blog\/wp-json\/wp\/v2\/posts\/8785\/revisions"}],"wp:attachment":[{"href":"https:\/\/terragina.de\/blog\/wp-json\/wp\/v2\/media?parent=8785"}],"wp:term":[{"taxonomy":"category","embeddable":true,"href":"https:\/\/terragina.de\/blog\/wp-json\/wp\/v2\/categories?post=8785"},{"taxonomy":"post_tag","embeddable":true,"href":"https:\/\/terragina.de\/blog\/wp-json\/wp\/v2\/tags?post=8785"}],"curies":[{"name":"wp","href":"https:\/\/api.w.org\/{rel}","templated":true}]}}