{"id":8817,"date":"2011-11-30T20:43:45","date_gmt":"2011-11-30T19:43:45","guid":{"rendered":"http:\/\/terragina.de\/blog\/2011\/11\/30\/spaziergang-uber-den-weihnachtsmarkt\/"},"modified":"2011-12-01T05:58:55","modified_gmt":"2011-12-01T04:58:55","slug":"spaziergang-uber-den-weihnachtsmarkt","status":"publish","type":"post","link":"https:\/\/terragina.de\/blog\/2011\/11\/30\/spaziergang-uber-den-weihnachtsmarkt\/","title":{"rendered":"Spaziergang \u00c3\u00bcber den Weihnachtsmarkt"},"content":{"rendered":"<p>Im letzten Freitagsf\u00c3\u00bcller hatte ich erw\u00c3\u00a4hnt, dass die Teenagerin und ich am vergangenen Donnerstag einen kleinen Ausflug zum gerade mal zwei Tage er\u00c3\u00b6ffneten Weihnachtsmarkt unternommen haben. Ein paar kleine Eindr\u00c3\u00bccke habe ich f\u00c3\u00bcr meinen Blog festgehalten. Den ein oder anderen Stand oder auch den Weihnachtsbaum &#8211; ein leider nicht besonders h\u00c3\u00bcbsches Exemplar. Ich geb`s zu &#8211; ich war ein wenig entt\u00c3\u00a4uscht, als ich ihn das erste Mal gesehen habe. :(<\/p>\n<p>&nbsp;<\/p>\n<div style=\"text-align: center;\"><img loading=\"lazy\" decoding=\"async\" src=\"http:\/\/terragina.de\/blog\/wp-content\/uploads\/2011\/11\/weihnachtsmarkt_01.jpg\" alt=\"weihnachtsmarkt_01.jpg\" width=\"500\" height=\"387\" \/><\/div>\n<p>Nicht ganz mein Stil, aber h\u00c3\u00bcbsch anzuschauen, die Schaukelpferdchen und Sterne aus Moos und Gew\u00c3\u00bcrzen.<\/p>\n<p>&nbsp;<\/p>\n<div style=\"text-align: center;\"><img loading=\"lazy\" decoding=\"async\" src=\"http:\/\/terragina.de\/blog\/wp-content\/uploads\/2011\/11\/weihnachtsmarkt_02.jpg\" alt=\"weihnachtsmarkt_02.jpg\" width=\"500\" height=\"387\" \/><\/div>\n<p>Aufgrund einer gro\u00c3\u0178en Baustelle am R\u00c3\u00b6mer (das <a title=\"Blog des Historischen Museums\" href=\"http:\/\/blog.historisches-museum-frankfurt.de\/?tag=abriss\">Historische Museum wurde abgerissen<\/a>) war \u00e2\u20ac\u017eunser\u00e2\u20ac\u009d Gl\u00c3\u00bchweinstand nicht mehr an der gewohnten Stelle. Erst als wir dann schon ein T\u00c3\u00a4sschen intus hatten, haben wir ihn auch gefunden. :blush: Und irgendwie habe ich das Gef\u00c3\u00bchl, der Gl\u00c3\u00bchwein wird jedes Jahr teurer\u00e2\u20ac\u00a6. :roll:<\/p>\n<p>&nbsp;<\/p>\n<div style=\"text-align: center;\"><img loading=\"lazy\" decoding=\"async\" src=\"http:\/\/terragina.de\/blog\/wp-content\/uploads\/2011\/11\/weihnachtsmarkt_03.jpg\" alt=\"weihnachtsmarkt_03.jpg\" width=\"500\" height=\"387\" \/><\/div>\n<p>Erzgebirgische Kunst &#8211; aber auf dem Weihnachtsmarkt f\u00c3\u00bcr meinen Geldbeutel definitiv zu teuer\u00e2\u20ac\u00a6<\/p>\n<p>&nbsp;<\/p>\n<div style=\"text-align: center;\"><img loading=\"lazy\" decoding=\"async\" src=\"http:\/\/terragina.de\/blog\/wp-content\/uploads\/2011\/11\/weihnachtsmarkt_04.jpg\" alt=\"weihnachtsmarkt_04.jpg\" width=\"500\" height=\"387\" \/><\/div>\n<p>Er hat zwar unheimlich viele Lichter &#8211; aber mal im Ernst: Gef\u00c3\u00a4llt er Euch? <a title=\"Der Frankfurter Weihnachtsbaum\" href=\"http:\/\/www.fnp.de\/tz\/region\/lokales\/frankfurt\/weihnachtsbaum-auf-dem-roemer-steht_rmn01.c.9334466.de.html\">Hier<\/a> ist die kuriose Geschichte zu lesen, wie dieses \u00e2\u20ac\u017ePrachtexemplar\u00e2\u20ac\u009d auf den Frankfurter R\u00c3\u00b6mer kam. :oh:<\/p>\n<p>&nbsp;<\/p>\n<div style=\"text-align: center;\"><img loading=\"lazy\" decoding=\"async\" src=\"http:\/\/terragina.de\/blog\/wp-content\/uploads\/2011\/11\/weihnachtsmarkt_05.jpg\" alt=\"weihnachtsmarkt_05.jpg\" width=\"500\" height=\"387\" \/><\/div>\n<p>Umso sch\u00c3\u00b6ner das Historische Karussell &#8211; immer wieder sch\u00c3\u00b6n anzusehen und ich erinnere mich noch gerne daran, wie unsere Kinder darauf mit einem strahlenden L\u00c3\u00a4cheln ihre Runden drehten.<\/p>\n<p>Soviele Impressionen von mir &#8211; und zum Abschluss noch ein Schnappschuss von Nala und Padano:<\/p>\n<p>&nbsp;<\/p>\n<div style=\"text-align: center;\"><img loading=\"lazy\" decoding=\"async\" src=\"http:\/\/terragina.de\/blog\/wp-content\/uploads\/2011\/11\/nala_padano_20111113.jpg\" alt=\"nala_padano_20111113.jpg\" width=\"500\" height=\"387\" \/><\/div>\n","protected":false},"excerpt":{"rendered":"<p>Im letzten Freitagsf\u00c3\u00bcller hatte ich erw\u00c3\u00a4hnt, dass die Teenagerin und ich am vergangenen Donnerstag einen kleinen Ausflug zum gerade mal zwei Tage er\u00c3\u00b6ffneten Weihnachtsmarkt unternommen haben. Ein paar kleine Eindr\u00c3\u00bccke habe ich f\u00c3\u00bcr meinen Blog festgehalten. Den ein oder anderen Stand oder auch den Weihnachtsbaum &#8211; ein leider nicht besonders h\u00c3\u00bcbsches Exemplar. Ich geb`s zu &#8211; ich war ein wenig entt\u00c3\u00a4uscht, als ich ihn das erste Mal gesehen habe. :( &nbsp; Nicht ganz mein Stil, aber h\u00c3\u00bcbsch anzuschauen, die Schaukelpferdchen und Sterne aus Moos und Gew\u00c3\u00bcrzen. &nbsp; Aufgrund einer gro\u00c3\u0178en Baustelle am R\u00c3\u00b6mer (das Historische Museum wurde abgerissen) war \u00e2\u20ac\u017eunser\u00e2\u20ac\u009d Gl\u00c3\u00bchweinstand nicht mehr an der gewohnten Stelle. Erst als wir dann schon ein T\u00c3\u00a4sschen intus hatten, haben wir ihn auch gefunden. :blush: Und irgendwie habe ich das Gef\u00c3\u00bchl, der Gl\u00c3\u00bchwein wird jedes Jahr teurer\u00e2\u20ac\u00a6. :roll: &nbsp; Erzgebirgische Kunst &#8211; aber auf dem Weihnachtsmarkt f\u00c3\u00bcr meinen Geldbeutel definitiv zu teuer\u00e2\u20ac\u00a6 &nbsp; Er hat zwar unheimlich viele Lichter &#8211; aber mal im Ernst: Gef\u00c3\u00a4llt er Euch? Hier ist die kuriose Geschichte zu lesen, wie dieses \u00e2\u20ac\u017ePrachtexemplar\u00e2\u20ac\u009d auf &hellip;<\/p>\n","protected":false},"author":1,"featured_media":0,"comment_status":"open","ping_status":"open","sticky":false,"template":"","format":"standard","meta":{"_jetpack_newsletter_access":"","_jetpack_dont_email_post_to_subs":false,"_jetpack_newsletter_tier_id":0,"_jetpack_memberships_contains_paywalled_content":false,"_jetpack_memberships_contains_paid_content":false,"footnotes":""},"categories":[2,114],"tags":[421,957,39,30,353,418,973],"class_list":["post-8817","post","type-post","status-publish","format-standard","hentry","category-foto","category-plauderecke","tag-fotoalbum","tag-foto","tag-katzen","tag-maine-coon","tag-nala","tag-padano","tag-plauderecke"],"jetpack_sharing_enabled":true,"jetpack_shortlink":"https:\/\/wp.me\/pq7aY-2id","jetpack_likes_enabled":true,"jetpack-related-posts":[],"jetpack_featured_media_url":"","_links":{"self":[{"href":"https:\/\/terragina.de\/blog\/wp-json\/wp\/v2\/posts\/8817","targetHints":{"allow":["GET"]}}],"collection":[{"href":"https:\/\/terragina.de\/blog\/wp-json\/wp\/v2\/posts"}],"about":[{"href":"https:\/\/terragina.de\/blog\/wp-json\/wp\/v2\/types\/post"}],"author":[{"embeddable":true,"href":"https:\/\/terragina.de\/blog\/wp-json\/wp\/v2\/users\/1"}],"replies":[{"embeddable":true,"href":"https:\/\/terragina.de\/blog\/wp-json\/wp\/v2\/comments?post=8817"}],"version-history":[{"count":0,"href":"https:\/\/terragina.de\/blog\/wp-json\/wp\/v2\/posts\/8817\/revisions"}],"wp:attachment":[{"href":"https:\/\/terragina.de\/blog\/wp-json\/wp\/v2\/media?parent=8817"}],"wp:term":[{"taxonomy":"category","embeddable":true,"href":"https:\/\/terragina.de\/blog\/wp-json\/wp\/v2\/categories?post=8817"},{"taxonomy":"post_tag","embeddable":true,"href":"https:\/\/terragina.de\/blog\/wp-json\/wp\/v2\/tags?post=8817"}],"curies":[{"name":"wp","href":"https:\/\/api.w.org\/{rel}","templated":true}]}}