{"id":8823,"date":"2011-12-02T09:07:01","date_gmt":"2011-12-02T08:07:01","guid":{"rendered":"http:\/\/terragina.de\/blog\/2011\/12\/02\/freitags-fuller-140\/"},"modified":"2011-12-02T13:33:51","modified_gmt":"2011-12-02T12:33:51","slug":"freitags-fuller-140","status":"publish","type":"post","link":"https:\/\/terragina.de\/blog\/2011\/12\/02\/freitags-fuller-140\/","title":{"rendered":"Freitags-F\u00c3\u00bcller #140"},"content":{"rendered":"<p>Endlich mal ein nicht ganz so nebliger Tag und es ist auch recht mild mit aktuell 9\u00c2\u00b0C. Wenn ich mich erinnere, wie viel Schnee wir letztes Jahr um diese Zeit hatten, bin ich gespannt, wie der Winter 2011\/2012 werden wird.<\/p>\n<p>Was macht Eure Pl\u00c3\u00a4tzchen-Backerei? Denkt Ihr noch an meine kleine Pl\u00c3\u00a4tzchen-Aktion in der Seitenleiste? Es w\u00c3\u00a4re sch\u00c3\u00b6n, wenn ich noch ein paar Rezepte sammeln k\u00c3\u00b6nnte. Von mir wird auch sicher noch etwas dazu kommen.<\/p>\n<p>Genug erz\u00c3\u00a4hlt &#8211; hier kommt er, der heutige<\/p>\n<p><\/p>\n<div style=\"text-align: center;\">\n  <a title=\"Barbara`s Scrap-Impulse mitnehmen\" href=\"http:\/\/scrap-impulse.typepad.com\/scrapimpulse\/2011\/12\/freitags-f%C3%BCller-140.html\"><img loading=\"lazy\" decoding=\"async\" src=\"http:\/\/terragina.de\/blog\/images\/freitags_fueller.jpg\" alt=\"freitags_fueller.jpg\" width=\"400\" height=\"87\" \/><\/a>\n<\/div>\n<p>1. Jetzt ist Dezember <font color=\"#9B2641\">und ich mag es sehr, jeden Tag ein T\u00c3\u00bcrchen des Adventskalenders zu \u00c3\u00b6ffnen. Ich habe kein spektakul\u00c3\u00a4res Exemplar, einfach einen mit leckerer Schocki. Und noch einen f\u00c3\u00bcrs iPhone mit lustigen Filmchen &#8211; auch sehr nett und vor allem kalorienarm<\/font>. ;)<\/p>\n<p>2. <font color=\"#9B2641\">Ich hoffe, der Hobbykoch wird die Cashewkerne beim Einkaufen nicht<\/font> vergessen.<\/p>\n<p>3. Ich h\u00c3\u00b6re <font color=\"#9B2641\">gerade Weihnachts-Radio vom iPhone &#8211; ein sch\u00c3\u00b6nes App. Wer Interesse hat, suche im App-Store nach \u00e2\u20ac\u017eChristmas Radio\u00e2\u20ac\u009d<\/font>.<\/p>\n<p><b><span style=\"font-weight: normal;\">4.<\/span><\/b> <b><span style=\"font-weight: normal;\"><font color=\"#9B2641\">Dank vielf\u00c3\u00a4ltigen Online-Shopping-M\u00c3\u00b6glichkeiten artet das Weihnachts-Shopping nicht in<\/font> Stress<\/span><\/b> <b><span style=\"font-weight: normal;\"><font color=\"#9B2641\">aus<\/font><\/span><\/b><b><span style=\"font-weight: normal;\">.<\/span><\/b><\/p>\n<p>5. Eigentlich ist es egal <font color=\"#9B2641\">wie das Wetter drau\u00c3\u0178en ist, weil ich eh den heutigen Nachmittag und vielleicht auch morgen fr\u00c3\u00bch nochmal in der K\u00c3\u00bcche stehen werde<\/font>.<\/p>\n<p>6. <font color=\"#9B2641\">Gestern kamen meine sch\u00c3\u00b6nen, kuscheligen <a href=\"http:\/\/www.zalando.de\/tamaris-stiefel-pepper-ta111c035-102.html\" title=\"Die coolen, warmen Winterstiefel\">Winterstiefel<\/a> &#8211; jetzt warte ich nur noch auf<\/font> Schnee und K\u00c3\u00a4lte.<\/p>\n<p>7. Was das Wochenende angeht, heute Abend freue ich mich auf <font color=\"#9B2641\">&#8211; genau wie in der letzten Woche &#8211; \u00e2\u20ac\u017eThe Voice of Germany\u00e2\u20ac\u009d (mir gef\u00c3\u00a4llt das Konzept der Show sehr gut, und Euch?)<\/font>, morgen habe ich <font color=\"#9B2641\">den Besuch von meinem Bruder samt Familie<\/font> geplant und Sonntag m\u00c3\u00b6chte ich <font color=\"#9B2641\">in aller Gem\u00c3\u00bctlichkeit den 2. Advent genie\u00c3\u0178en<\/font>.<\/p>\n<div style=\"text-align: center;\">\n  <img loading=\"lazy\" decoding=\"async\" src=\"http:\/\/terragina.de\/blog\/wp-content\/uploads\/2011\/12\/hirsche.jpg\" width=\"500\" height=\"387\" alt=\"hirsche.jpg\" \/>\n<\/div>\n<p><\/p>\n<p><em>Und Ihr so? Lasst Ihr Euch vom Vorweihnachts-Stress einfangen? Oder geht Ihr eher cool an die Sache ran und versucht, diese sch\u00c3\u00b6ne Zeit auch ein wenig zu geniessen (oder schreibt man das mit \u00e2\u20ac\u017e\u00c3\u0178\u00e2\u20ac\u009d?)?<\/em><\/p>\n<p><em>Auf jeden Fall w\u00c3\u00bcnsche ich Euch ein wundersch\u00c3\u00b6nes 2. Adventswochenende und schicke Euch viele liebe Gr\u00c3\u00bc\u00c3\u0178e! Habt eine sch\u00c3\u00b6ne Zeit!<\/em><\/p>\n<p style=\"text-align: center;\"><em>:advent:<\/em><\/p>\n<p><em><br \/><\/em><\/p>\n","protected":false},"excerpt":{"rendered":"<p>Endlich mal ein nicht ganz so nebliger Tag und es ist auch recht mild mit aktuell 9\u00c2\u00b0C. Wenn ich mich erinnere, wie viel Schnee wir letztes Jahr um diese Zeit hatten, bin ich gespannt, wie der Winter 2011\/2012 werden wird. Was macht Eure Pl\u00c3\u00a4tzchen-Backerei? Denkt Ihr noch an meine kleine Pl\u00c3\u00a4tzchen-Aktion in der Seitenleiste? Es w\u00c3\u00a4re sch\u00c3\u00b6n, wenn ich noch ein paar Rezepte sammeln k\u00c3\u00b6nnte. Von mir wird auch sicher noch etwas dazu kommen. Genug erz\u00c3\u00a4hlt &#8211; hier kommt er, der heutige 1. Jetzt ist Dezember und ich mag es sehr, jeden Tag ein T\u00c3\u00bcrchen des Adventskalenders zu \u00c3\u00b6ffnen. Ich habe kein spektakul\u00c3\u00a4res Exemplar, einfach einen mit leckerer Schocki. Und noch einen f\u00c3\u00bcrs iPhone mit lustigen Filmchen &#8211; auch sehr nett und vor allem kalorienarm. ;) 2. Ich hoffe, der Hobbykoch wird die Cashewkerne beim Einkaufen nicht vergessen. 3. Ich h\u00c3\u00b6re gerade Weihnachts-Radio vom iPhone &#8211; ein sch\u00c3\u00b6nes App. Wer Interesse hat, suche im App-Store nach \u00e2\u20ac\u017eChristmas Radio\u00e2\u20ac\u009d. 4. Dank vielf\u00c3\u00a4ltigen Online-Shopping-M\u00c3\u00b6glichkeiten artet das Weihnachts-Shopping nicht in Stress aus. 5. Eigentlich ist es egal wie &hellip;<\/p>\n","protected":false},"author":1,"featured_media":0,"comment_status":"open","ping_status":"open","sticky":false,"template":"","format":"standard","meta":{"_jetpack_newsletter_access":"","_jetpack_dont_email_post_to_subs":false,"_jetpack_newsletter_tier_id":0,"_jetpack_memberships_contains_paywalled_content":false,"_jetpack_memberships_contains_paid_content":false,"footnotes":""},"categories":[114,94],"tags":[973,969],"class_list":["post-8823","post","type-post","status-publish","format-standard","hentry","category-plauderecke","category-stoeckchen","tag-plauderecke","tag-stoeckchen"],"jetpack_sharing_enabled":true,"jetpack_shortlink":"https:\/\/wp.me\/pq7aY-2ij","jetpack_likes_enabled":true,"jetpack-related-posts":[],"jetpack_featured_media_url":"","_links":{"self":[{"href":"https:\/\/terragina.de\/blog\/wp-json\/wp\/v2\/posts\/8823","targetHints":{"allow":["GET"]}}],"collection":[{"href":"https:\/\/terragina.de\/blog\/wp-json\/wp\/v2\/posts"}],"about":[{"href":"https:\/\/terragina.de\/blog\/wp-json\/wp\/v2\/types\/post"}],"author":[{"embeddable":true,"href":"https:\/\/terragina.de\/blog\/wp-json\/wp\/v2\/users\/1"}],"replies":[{"embeddable":true,"href":"https:\/\/terragina.de\/blog\/wp-json\/wp\/v2\/comments?post=8823"}],"version-history":[{"count":0,"href":"https:\/\/terragina.de\/blog\/wp-json\/wp\/v2\/posts\/8823\/revisions"}],"wp:attachment":[{"href":"https:\/\/terragina.de\/blog\/wp-json\/wp\/v2\/media?parent=8823"}],"wp:term":[{"taxonomy":"category","embeddable":true,"href":"https:\/\/terragina.de\/blog\/wp-json\/wp\/v2\/categories?post=8823"},{"taxonomy":"post_tag","embeddable":true,"href":"https:\/\/terragina.de\/blog\/wp-json\/wp\/v2\/tags?post=8823"}],"curies":[{"name":"wp","href":"https:\/\/api.w.org\/{rel}","templated":true}]}}