{"id":8832,"date":"2011-12-04T10:06:19","date_gmt":"2011-12-04T09:06:19","guid":{"rendered":"http:\/\/terragina.de\/blog\/2011\/12\/04\/zweierlei-adventliches-sonntagssus\/"},"modified":"2011-12-08T19:56:17","modified_gmt":"2011-12-08T18:56:17","slug":"zweierlei-adventliches-sonntagssus","status":"publish","type":"post","link":"https:\/\/terragina.de\/blog\/2011\/12\/04\/zweierlei-adventliches-sonntagssus\/","title":{"rendered":"Zweierlei adventliches Sonntagss\u00c3\u00bc\u00c3\u0178"},"content":{"rendered":"<p><a href=\"http:\/\/fraeuleintext.blogspot.com\/p\/fur-kuchenpicker-kekskrumler-und.html\" target=\"blank\"><img loading=\"lazy\" decoding=\"async\" style=\"float: right; margin-left: 10px; margin-bottom: 10px;\" src=\"http:\/\/terragina.de\/blog\/wp-content\/uploads\/2011\/09\/ini_sosue.jpg\" alt=\"Initiative Sonntagssuess\" width=\"155\" height=\"90\" \/><\/a>Der Back-Wahn h\u00c3\u00a4lt immer noch an &#8211; ich kann einfach nicht aufh\u00c3\u00b6ren. :blush: Aber jetzt mu\u00c3\u0178 ich, denn alle Dosen sind gef\u00c3\u00bcllt.<\/p>\n<p>P-A-U-S-E &#8211; ob ich will oder nicht\u00e2\u20ac\u00a6 *soifz*<\/p>\n<p>F\u00c3\u00bcr das heutige Sonntagss\u00c3\u00bc\u00c3\u0178 am 2. Advent habe ich Euch zwei Rezepte mitgebracht. Eines verlinke ich nur, denn ich habe es genau nach Rezept gemacht. Das andere tippe ich ab, weil ich das Rezept von einer lieben Kollegin bekommen habe. Seit Jahren macht sie diese Pl\u00c3\u00a4tzchen in der Adventszeit und ich finde sie extrem lecker.<\/p>\n<p>Links im Bild das <a href=\"http:\/\/www.chefkoch.de\/rezepte\/395561128288726\/Alpenbrot.html\" title=\"Alpenbrot beim Chefkoch\">Alpenbrot<\/a>. Erinnert mit seinen Gew\u00c3\u00bcrzen sehr an das auf jedem Weihnachtsmarkt erh\u00c3\u00a4ltliche Magenbrot &#8211; wir hier m\u00c3\u00b6gen das sehr gerne. Es ist kinderleicht und schnell gemacht und gelagert in einer Blechdose reift es zu einer kleinen K\u00c3\u00b6stlichkeit heran. Ich bin sehr begeistert und meine Lieben auch. :yes1:<\/p>\n<p>Das zweite Rezept &#8211; rechts im Bild &#8211; beschreibe ich Euch hier und jetzt:<\/p>\n<p style=\"text-align: center;\"><font color=\"#B4712B\"><b>SPICY CASHEW-PL\u00c3\u201eTZCHEN<br \/><\/b><\/font><\/p>\n<div style=\"text-align: center;\">\n  <a href=\"http:\/\/terragina.de\/blog\/wp-content\/uploads\/2011\/12\/zweierlei_plaetzchen_sosue.jpg\" rel=\"lightbox[8832]\"><img loading=\"lazy\" decoding=\"async\" src=\"http:\/\/terragina.de\/blog\/wp-content\/uploads\/2011\/12\/zweierlei_plaetzchen_sosue-tm.jpg\" width=\"480\" height=\"368\" alt=\"Alpenbrot &amp; Spicy Cashew-Pl\u00c3\u00a4tzchen\" \/><\/a>\n<\/div>\n<p style=\"text-align: center;\"><em>~ Klick macht gr\u00c3\u00b6\u00c3\u0178er ~<\/em><\/p>\n<p style=\"text-align: left;\"><em>Zutaten f\u00c3\u00bcr ca. 50 St\u00c3\u00bcck:<\/em><\/p>\n<ul>\n<li>100 g + 80 g Cashewkerne<\/li>\n<li>200 g Weizenmehl<\/li>\n<li>1 Msp. Backpulver<\/li>\n<li>100 g brauner Zucker<\/li>\n<li>150 g Butter oder Margarine<\/li>\n<li>1 Msp. Cayennepfeffer<\/li>\n<li>1 Prise Salz<\/li>\n<li>2 EL Honig<\/li>\n<li>1 Ei<\/li>\n<li>1 Eiwei\u00c3\u0178<\/li>\n<li>1 Prise Salz<\/li>\n<\/ul>\n<p><em>Zubereitung:<\/em><\/p>\n<ol>\n<li>Zun\u00c3\u00a4chst die 100 g Cashews in einem Minihacker fein hacken.<\/li>\n<li>2 Backbleche mit Backpapier auslegen und den Backofen auf <b>160\u00c2\u00b0C Hei\u00c3\u0178luft<\/b> vorheizen.<\/li>\n<li>Das Mehl mit dem Backpulver mischen und braunen Zucker, Butter (oder Margarine), Cayennepfeffer, Salz, Honig und das Ei zugeben und mit den R\u00c3\u00bchrbesen des Handr\u00c3\u00bchrger\u00c3\u00a4ts zun\u00c3\u00a4chst auf niedrigster, dann auf h\u00c3\u00b6chster Stufe zu einem glatten Teig verr\u00c3\u00bchren.<\/li>\n<li>Die fein gehackten Cashewkerne unterr\u00c3\u00bchren.<\/li>\n<li>Mit zwei Teel\u00c3\u00b6ffeln ca. 50 H\u00c3\u00a4ufchen auf die beiden Blechen setzen und in jedes H\u00c3\u00a4ufchen einen ganzen Cashewkern leicht eindr\u00c3\u00bccken.<\/li>\n<li>Das Eiwei\u00c3\u0178 mit der Prise Salz verschlagen und jedes Pl\u00c3\u00a4tzchen damit bestreichen.<\/li>\n<li>Beide Bleche in den Backofen schieben und in 10 bis 15 Minuten backen.<\/li>\n<li>Sind die Pl\u00c3\u00a4tzchen am Rand leicht gebr\u00c3\u00a4unt, sind sie fertig und werden mit dem Backpapier auf ein Kuchengitter (oder den Rost) gezogen, damit sie in Ruhe abk\u00c3\u00bchlen k\u00c3\u00b6nnen.<\/li>\n<li>Gelagert werden die Pl\u00c3\u00a4tzchen am besten in einer gut schlie\u00c3\u0178enden Blechdose.<\/li>\n<\/ol>\n<p><\/p>\n<p style=\"text-align: center;\"><img loading=\"lazy\" decoding=\"async\" src=\"http:\/\/terragina.de\/blog\/wp-content\/uploads\/2011\/12\/2_advent.jpg\" width=\"500\" height=\"387\" alt=\"2_advent.jpg\" \/><\/p>\n<p><\/p>\n<div style=\"text-align: center;\">\n  <strong><font color=\"#B4712B\">ICH W\u00c3\u0153NSCHE EUCH EINEN SCH\u00c3\u2013NEN 2. ADVENT!<\/font><\/strong>\n<\/div>\n<p><\/p>\n<div style=\"text-align: left;\">\n<p>Heute sammelt <a href=\"http:\/\/lingonsmak.blogspot.com\/\" title=\"Katrin besuchen\">Katrin<\/a> unsere K\u00c3\u00b6stlichkeiten ein und ich bin mir sicher, die <a href=\"http:\/\/pinterest.com\/sonntagssuess\/sonntagssuess-vom-04-12-2011\/\" title=\"Sonntagss\u00c3\u00bc\u00c3\u0178 vom 04.Dezember 2011\">sonntagss\u00c3\u00bc\u00c3\u0178e Tafel<\/a> wird sich im Laufe des heutigen Tages oder sp\u00c3\u00a4testens Montag f\u00c3\u00bcr uns f\u00c3\u00bcllen.<\/p>\n<\/div>\n<div style=\"text-align: center;\">\n<p>:advent:<\/p>\n<\/div>\n","protected":false},"excerpt":{"rendered":"<p>Der Back-Wahn h\u00c3\u00a4lt immer noch an &#8211; ich kann einfach nicht aufh\u00c3\u00b6ren. :blush: Aber jetzt mu\u00c3\u0178 ich, denn alle Dosen sind gef\u00c3\u00bcllt. P-A-U-S-E &#8211; ob ich will oder nicht\u00e2\u20ac\u00a6 *soifz* F\u00c3\u00bcr das heutige Sonntagss\u00c3\u00bc\u00c3\u0178 am 2. Advent habe ich Euch zwei Rezepte mitgebracht. Eines verlinke ich nur, denn ich habe es genau nach Rezept gemacht. Das andere tippe ich ab, weil ich das Rezept von einer lieben Kollegin bekommen habe. Seit Jahren macht sie diese Pl\u00c3\u00a4tzchen in der Adventszeit und ich finde sie extrem lecker. Links im Bild das Alpenbrot. Erinnert mit seinen Gew\u00c3\u00bcrzen sehr an das auf jedem Weihnachtsmarkt erh\u00c3\u00a4ltliche Magenbrot &#8211; wir hier m\u00c3\u00b6gen das sehr gerne. Es ist kinderleicht und schnell gemacht und gelagert in einer Blechdose reift es zu einer kleinen K\u00c3\u00b6stlichkeit heran. Ich bin sehr begeistert und meine Lieben auch. :yes1: Das zweite Rezept &#8211; rechts im Bild &#8211; beschreibe ich Euch hier und jetzt: SPICY CASHEW-PL\u00c3\u201eTZCHEN ~ Klick macht gr\u00c3\u00b6\u00c3\u0178er ~ Zutaten f\u00c3\u00bcr ca. 50 St\u00c3\u00bcck: 100 g + 80 g Cashewkerne 200 g Weizenmehl 1 Msp. Backpulver 100 &hellip;<\/p>\n","protected":false},"author":1,"featured_media":0,"comment_status":"open","ping_status":"open","sticky":false,"template":"","format":"standard","meta":{"_jetpack_newsletter_access":"","_jetpack_dont_email_post_to_subs":false,"_jetpack_newsletter_tier_id":0,"_jetpack_memberships_contains_paywalled_content":false,"_jetpack_memberships_contains_paid_content":false,"footnotes":""},"categories":[200,7],"tags":[87,961,77,711],"class_list":["post-8832","post","type-post","status-publish","format-standard","hentry","category-backstube","category-leckeres","tag-backen","tag-leckeres","tag-suesses","tag-sonntagssuess"],"jetpack_sharing_enabled":true,"jetpack_shortlink":"https:\/\/wp.me\/pq7aY-2is","jetpack_likes_enabled":true,"jetpack-related-posts":[],"jetpack_featured_media_url":"","_links":{"self":[{"href":"https:\/\/terragina.de\/blog\/wp-json\/wp\/v2\/posts\/8832","targetHints":{"allow":["GET"]}}],"collection":[{"href":"https:\/\/terragina.de\/blog\/wp-json\/wp\/v2\/posts"}],"about":[{"href":"https:\/\/terragina.de\/blog\/wp-json\/wp\/v2\/types\/post"}],"author":[{"embeddable":true,"href":"https:\/\/terragina.de\/blog\/wp-json\/wp\/v2\/users\/1"}],"replies":[{"embeddable":true,"href":"https:\/\/terragina.de\/blog\/wp-json\/wp\/v2\/comments?post=8832"}],"version-history":[{"count":0,"href":"https:\/\/terragina.de\/blog\/wp-json\/wp\/v2\/posts\/8832\/revisions"}],"wp:attachment":[{"href":"https:\/\/terragina.de\/blog\/wp-json\/wp\/v2\/media?parent=8832"}],"wp:term":[{"taxonomy":"category","embeddable":true,"href":"https:\/\/terragina.de\/blog\/wp-json\/wp\/v2\/categories?post=8832"},{"taxonomy":"post_tag","embeddable":true,"href":"https:\/\/terragina.de\/blog\/wp-json\/wp\/v2\/tags?post=8832"}],"curies":[{"name":"wp","href":"https:\/\/api.w.org\/{rel}","templated":true}]}}