{"id":9010,"date":"2011-12-29T10:09:08","date_gmt":"2011-12-29T09:09:08","guid":{"rendered":"http:\/\/terragina.de\/blog\/?p=9010"},"modified":"2011-12-29T10:12:18","modified_gmt":"2011-12-29T09:12:18","slug":"jahresruckblick-2011","status":"publish","type":"post","link":"https:\/\/terragina.de\/blog\/2011\/12\/29\/jahresruckblick-2011\/","title":{"rendered":"Jahresr\u00c3\u00bcckblick 2011"},"content":{"rendered":"<p>Es ist unfassbar, wie schnell auch dieses Jahr wieder vor\u00c3\u00bcber gegangen ist. Besonders sehe ich das an den Kindern, wie schnell die Zeit wirklich vergeht. Es war nicht unser bestes Jahr, aber wir haben es gemeistert.<\/p>\n<p>Auf allen Kan\u00c3\u00a4len im Fernsehen gibt es die verschiedensten Jahres-R\u00c3\u00bcckblicke. Und wie bereits <a href=\"http:\/\/terragina.de\/blog\/2010\/12\/28\/jahresrueckblick-2010\/\" title=\"Jahresr\u00c3\u00bcckblick 2010\">im letzten Jahr<\/a> und auch schon Ende <a href=\"http:\/\/terragina.de\/blog\/2009\/12\/30\/mein-jahresrueckblick-2009\/\" title=\"Mein Jahresr\u00c3\u00bcckblick 2009\">2009<\/a>, m\u00c3\u00b6chte ich mich auch in diesem Jahr wieder versuchen zu erinnern, was meine Lieben und ich erlebt haben. Vielleicht habt Ihr auch Lust, das Jahr noch einmal Revue passieren zu lassen.<\/p>\n<p><strong><font color=\"#5199A5\">DAS WAR MEIN JAHR 2011<\/font><\/strong><\/p>\n<p><font color=\"#5199A5\">Vorherrschendes Gef\u00c3\u00bchl f\u00c3\u00bcr 2010?<\/font><br \/>\nGibt es ein vorherrschendes Gef\u00c3\u00bchl, welches einen das ganze Jahr \u00c3\u00bcber begleitet? In meinen Augen nicht &#8211; und deswegen bleibt auch in diesem Jahr diese Frage unbeantwortet. Es gab H\u00c3\u00b6hen und Tiefen &#8211; wie wohl bei fast jedem von uns.<\/p>\n<p><font color=\"#5199A5\">2011 zum ersten Mal getan?<\/font><br \/>\nUnsere Hauptstadt besucht.<\/p>\n<p><font color=\"#5199A5\">2011 nach langer Zeit wieder getan?<\/font><br \/>\nEin kleines Video zusammen geschnipselt.<\/p>\n<p><font color=\"#5199A5\">2011 leider nicht getan?<\/font><br \/>\nDa waren doch die Seifchen, wo ich unbedingt alle Utensilien f\u00c3\u00bcr haben wollte. Jetzt sind die \u00c3\u2013le abgelaufen und ich musste sie leider entsorgen. Ein guter Vorsatz f\u00c3\u00bcr 2012?<\/p>\n<p><font color=\"#5199A5\">Der hirnrissigste Plan?<\/font><br \/>\nHmm, in der Regel bin ich stets bem\u00c3\u00bcht, keine hirnrissigen Dinge zu tun. In 2011 scheint mir das wieder gelungen zu sein.<\/p>\n<p><font color=\"#5199A5\">Die gef\u00c3\u00a4hrlichste Unternehmung?<\/font><br \/>\nIch bin ein Angsthase, da ist kein Platz f\u00c3\u00bcr gef\u00c3\u00a4hrliche Unternehmungen.<\/p>\n<p><font color=\"#5199A5\">Die teuerste Anschaffung?<\/font><br \/>\nHuch, da komme ich doch glatt ins Gr\u00c3\u00bcbeln. Wir haben in diesem Jahr keine M\u00c3\u00b6bel und kein Auto gekauft. Aaah, mein iMac, das war wohl das Teuerste&#8230;<\/p>\n<p><font color=\"#5199A5\">(Un)wort des Jahres?<\/font><br \/>\nIch bin mir sicher, es gab auch in diesem Jahr wieder ein Wort, bei dem mir nach Augen-Verdrehen war. Aber es will mir im Moment partout nicht einfallen.<\/p>\n<p><font color=\"#5199A5\">Zugenommen oder abgenommen?<\/font><br \/>\nIch hatte zwei, drei Kilo zugenommen \u00c3\u00bcbers Jahr &#8211; bei der Kontrolle vor wenigen Tagen war aber alles wieder in meinem pers\u00c3\u00b6nlichen gr\u00c3\u00bcnen Bereich. Somit auch in diesem Jahr: Weder &#8211; noch!<\/p>\n<p><font color=\"#5199A5\">Stadt des Jahres?<\/font><br \/>\nHamburg &#8211; ich liebe diese Stadt einfach und m\u00c3\u00b6chte unbedingt wieder hin!<\/p>\n<p><font color=\"#5199A5\">Alkoholexzesse?<\/font><br \/>\nN\u00c3\u00b6 &#8211; soweit habe ich mich im Griff. Und einen derartigen Kater brauche ich nun wirklich nicht.<\/p>\n<p><font color=\"#5199A5\">Davon gekotzt?<\/font><br \/>\nH\u00c3\u00b6\u00c3\u00b6\u00c3\u00b6\u00c3\u00b6 &#8211; hier er\u00c3\u00bcbrigt sich jegliche Antwort.<\/p>\n<p><font color=\"#5199A5\">Haare l\u00c3\u00a4nger oder k\u00c3\u00bcrzer?<\/font><br \/>\nWieder ein kleines bisschen k\u00c3\u00bcrzer.<\/p>\n<p><font color=\"#5199A5\">Kurzsichtiger oder Weitsichtiger?<\/font><br \/>\nDie Augen sind top &#8211; alles im gr\u00c3\u00bcnen Bereich.<\/p>\n<p><font color=\"#5199A5\">Mehr Kohle oder weniger?<\/font><br \/>\nUnver\u00c3\u00a4ndert&#8230;<\/p>\n<p><font color=\"#5199A5\">Mehr ausgegeben oder weniger?<\/font><br \/>\nEher ein bisschen weniger, aber ich denke, das macht sich nicht ganz so bemerkbar.<\/p>\n<p><font color=\"#5199A5\">Mehr bewegt oder weniger?<\/font><br \/>\nAuf jeden Fall mehr!<\/p>\n<p><font color=\"#5199A5\">H\u00c3\u00b6chste Handyrechnung?<\/font><br \/>\nDurch meinen monatlichen Festbetrag gibt es da keine b\u00c3\u00b6sen \u00c3\u0153berraschungen.<\/p>\n<p><font color=\"#5199A5\">Krankenhausbesuche?<\/font><br \/>\nKeine.<\/p>\n<p><font color=\"#5199A5\">Getr\u00c3\u00a4nk des Jahres?<\/font><br \/>\nDer \u00e2\u20ac\u017eHugo\u00e2\u20ac\u009d hat im Sommer Aperol Spritz abgel\u00c3\u00b6st.<\/p>\n<p><font color=\"#5199A5\">Das leckerste Essen?<\/font><br \/>\nDa lege ich mich nicht fest &#8211; weil es einfach zu viele leckere Sachen gibt. Auch in diesem Jahr wurde einiges Neues ausprobiert.<\/p>\n<p><font color=\"#5199A5\">Most called Persons?<\/font><br \/>\nAuch hier keine Ver\u00c3\u00a4nderung zum letzten Jahr &#8211; am h\u00c3\u00a4ufigsten telefoniere ich mit der Teenagerin und dem Hobbykoch.<\/p>\n<p><font color=\"#5199A5\">Die sch\u00c3\u00b6nste Zeit verbracht mit?<\/font><br \/>\nMeinen Lieben nat\u00c3\u00bcrlich. :)<\/p>\n<p><font color=\"#5199A5\">Die meiste Zeit verbracht mit?<\/font><br \/>\nDen Miezkatzen, der Familie und wohl unweigerlich den Kollegen.<\/p>\n<p><font color=\"#5199A5\">Song des Jahres?<\/font><br \/>\nSchwierig Schwierig. Es gab wieder einige tolle Songs in diesem Jahr. Tim Bendzko zum Beispiel mit \u00e2\u20ac\u017eWenn Worte meine Sprache w\u00c3\u00a4ren\u00e2\u20ac\u009d. Oder Adele &#8211; die Dame hat mehrere wundersch\u00c3\u00b6ne Songs ver\u00c3\u00b6ffentlicht. \u00e2\u20ac\u017eThe Edge of Glory\u00e2\u20ac\u009d von Lady Gaga f\u00c3\u00a4llt mir ein und von Tom Hugo \u00e2\u20ac\u017eOpen Up Your Eyes\u00e2\u20ac\u009d. Und dann war da noch Luxusl\u00c3\u00a4rm mit \u00e2\u20ac\u017eAtemlos\u00e2\u20ac\u009d.<\/p>\n<p><font color=\"#5199A5\">CD (Album) des Jahres?<\/font><br \/>\nIn diesem Jahr gibt es mindestens zwei Lieblingsalben. Zum einen Adele mit \u00e2\u20ac\u017e21\u00e2\u20ac\u009d und Glasperlenspiel \u00e2\u20ac\u017eBeweg Dich Mit Mir\u00e2\u20ac\u009d. Eines f\u00c3\u00a4llt mir noch ein &#8211; eben gerade schon bei den Singles erw\u00c3\u00a4hnt. Luxusl\u00c3\u00a4rm und ihr Album \u00e2\u20ac\u017eCarousel\u00e2\u20ac\u009d &#8211; supersch\u00c3\u00b6n!<\/p>\n<p><font color=\"#5199A5\">Blockbuster des Jahres?<\/font><br \/>\nTil Schweigers \u00e2\u20ac\u017eKokow\u00c3\u00a4\u00c3\u00a4h\u00e2\u20ac\u009d hat mir sehr gut gefallen &#8211; auch wenn ich den Film erst vor ein paar Tagen gesehen habe.<\/p>\n<p><font color=\"#5199A5\">Konzert des Jahres?<\/font><br \/>\nEs gab auch in 2011 nur einen einzigen Konzertbesuch &#8211; und das waren die Wise Guys. Toll war&#8217;s wieder und ich freue mich schon auf das n\u00c3\u00a4chste Konzert Anfang Februar.<\/p>\n<p><font color=\"#5199A5\">TV-Serie des Jahres?<\/font><br \/>\nHabe ich in diesem Jahr gro\u00c3\u0178artig Serien gesehen? Nein, eigentlich eher nicht. Insofern kann ich diese Frage auch nicht gut beantworten.<\/p>\n<p><font color=\"#5199A5\">Drei Dinge auf die ich gut h\u00c3\u00a4tte verzichten k\u00c3\u00b6nnen?<\/font><br \/>\n1. Die Never Ending Story mit meinen Z\u00c3\u00a4hnen (wobei es in diesem Jahr nicht ganz so schlimm war wie in den Jahren davor. Auch Schmerzen blieben aus. 2. Es gibt da eine Sache in diesem Jahr, \u00c3\u00bcber die ich nicht geschrieben habe, weil ich der Ansicht bin, das hat in meinem Blog nichts zu suchen. Sehr gerne h\u00c3\u00a4tten wir alle hier darauf verzichtet. 3. Die allw\u00c3\u00b6chentliche Spritze &#8211; aber sie hilft mir ja&#8230;<\/p>\n<p><font color=\"#5199A5\">Nachbar des Jahres?<\/font><br \/>\nNat\u00c3\u00bcrlich unser tolles Heinzelm\u00c3\u00a4nnchen &#8211; da muss ich gar nicht lange \u00c3\u00bcberlegen. Unser Eingang ist viel sch\u00c3\u00b6ner und besonders freue ich mich \u00c3\u00bcber meinen Cornus.<\/p>\n<p><font color=\"#5199A5\">Die wichtigste Sache, von der ich jemanden \u00c3\u00bcberzeugen wollte?<\/font><br \/>\nOje, da will mir auch dieses Jahr nicht wirklich etwas zu einfallen.<\/p>\n<p><font color=\"#5199A5\">Das sch\u00c3\u00b6nste Geschenk, das ich jemanden gemacht habe?<\/font><br \/>\nIch w\u00c3\u00bcnsche mir, dass meine Geschenke dem\/der Beschenkten immer Freude gemacht haben.<\/p>\n<p><font color=\"#5199A5\">Das sch\u00c3\u00b6nste Geschenk, das mir jemand gemacht hat?<\/font><br \/>\nF\u00c3\u00bcr mich das sch\u00c3\u00b6nste Geschenk ist meine Familie &#8211; was w\u00c3\u00a4re ich ohne sie?<\/p>\n<p><font color=\"#5199A5\">Der sch\u00c3\u00b6nste Satz, den jemand zu mir gesagt hat?<\/font><br \/>\n\u00e2\u20ac\u017eDu bist die beste Mama der Welt\u00e2\u20ac\u009d :hearts:<\/p>\n<p><font color=\"#5199A5\">Die gr\u00c3\u00b6\u00c3\u0178te Entt\u00c3\u00a4uschung?<\/font><br \/>\nWie gerne h\u00c3\u00a4tte ich wei\u00c3\u0178e Weihnachten gehabt\u00e2\u20ac\u00a6 &#8211; aber ob damit eine gro\u00c3\u0178e Entt\u00c3\u00a4uschung gemeint ist? Mehr f\u00c3\u00a4llt mir dazu im Moment leider nicht ein.<\/p>\n<p><font color=\"#5199A5\">Die Erkenntnis des Jahres?<\/font><br \/>\nMachmal mu\u00c3\u0178 \u00c3\u00bcber seinen eigenen Schatten springen &#8211; und Toleranz ist sehr wichtig. Ich bin bem\u00c3\u00bcht\u00e2\u20ac\u00a6.<\/p>\n<p><font color=\"#5199A5\">Beste Idee\/Entscheidung des Jahres?<\/font><br \/>\nIch glaube, das war die Anschaffung eines Haushaltsbuches. Schon nach wenigen Wochen haben wir davon profitiert.<\/p>\n<p><font color=\"#5199A5\">Schlimmstes Ereignis?<\/font><br \/>\nGott sei Dank keine schlimmen Ereignisse in 2011.<\/p>\n<p><font color=\"#5199A5\">Sch\u00c3\u00b6nste Ereignisse?<\/font><br \/>\nDie Fahrt nach Hamburg und Berlin in diesem Sommer war wundersch\u00c3\u00b6n.<\/p>\n<p><font color=\"#5199A5\">Vorsatz f\u00c3\u00bcrs neue Jahr?<\/font><br \/>\nIch m\u00c3\u00b6chte an zwei Fotoaktionen teilnehmen. Und ich m\u00c3\u00b6chte ein wenig toleranter gegen\u00c3\u00bcber manchen Dingen sein. Ich w\u00c3\u00bcrde gerne so manche Dinge gelassener angehen &#8211; daran versuche ich zu arbeiten. denn wie hei\u00c3\u0178t es so sch\u00c3\u00b6n: \u00e2\u20ac\u017eIn der Ruhe liegt die Kraft.\u00e2\u20ac\u009d<\/p>\n<p><font color=\"#5199A5\">2011 war mit einem Wort?<\/font><br \/>\nErfahrungsreich.<\/p>\n","protected":false},"excerpt":{"rendered":"<p>Es ist unfassbar, wie schnell auch dieses Jahr wieder vor\u00c3\u00bcber gegangen ist. Besonders sehe ich das an den Kindern, wie schnell die Zeit wirklich vergeht. Es war nicht unser bestes Jahr, aber wir haben es gemeistert. Auf allen Kan\u00c3\u00a4len im Fernsehen gibt es die verschiedensten Jahres-R\u00c3\u00bcckblicke. Und wie bereits im letzten Jahr und auch schon Ende 2009, m\u00c3\u00b6chte ich mich auch in diesem Jahr wieder versuchen zu erinnern, was meine Lieben und ich erlebt haben. Vielleicht habt Ihr auch Lust, das Jahr noch einmal Revue passieren zu lassen. DAS WAR MEIN JAHR 2011 Vorherrschendes Gef\u00c3\u00bchl f\u00c3\u00bcr 2010? Gibt es ein vorherrschendes Gef\u00c3\u00bchl, welches einen das ganze Jahr \u00c3\u00bcber begleitet? In meinen Augen nicht &#8211; und deswegen bleibt auch in diesem Jahr diese Frage unbeantwortet. Es gab H\u00c3\u00b6hen und Tiefen &#8211; wie wohl bei fast jedem von uns. 2011 zum ersten Mal getan? Unsere Hauptstadt besucht. 2011 nach langer Zeit wieder getan? Ein kleines Video zusammen geschnipselt. 2011 leider nicht getan? Da waren doch die Seifchen, wo ich unbedingt alle Utensilien f\u00c3\u00bcr haben wollte. Jetzt sind &hellip;<\/p>\n","protected":false},"author":1,"featured_media":0,"comment_status":"open","ping_status":"open","sticky":false,"template":"","format":"standard","meta":{"_jetpack_newsletter_access":"","_jetpack_dont_email_post_to_subs":false,"_jetpack_newsletter_tier_id":0,"_jetpack_memberships_contains_paywalled_content":false,"_jetpack_memberships_contains_paid_content":false,"footnotes":""},"categories":[114,94],"tags":[973,969],"class_list":["post-9010","post","type-post","status-publish","format-standard","hentry","category-plauderecke","category-stoeckchen","tag-plauderecke","tag-stoeckchen"],"jetpack_sharing_enabled":true,"jetpack_shortlink":"https:\/\/wp.me\/pq7aY-2lk","jetpack_likes_enabled":true,"jetpack-related-posts":[],"jetpack_featured_media_url":"","_links":{"self":[{"href":"https:\/\/terragina.de\/blog\/wp-json\/wp\/v2\/posts\/9010","targetHints":{"allow":["GET"]}}],"collection":[{"href":"https:\/\/terragina.de\/blog\/wp-json\/wp\/v2\/posts"}],"about":[{"href":"https:\/\/terragina.de\/blog\/wp-json\/wp\/v2\/types\/post"}],"author":[{"embeddable":true,"href":"https:\/\/terragina.de\/blog\/wp-json\/wp\/v2\/users\/1"}],"replies":[{"embeddable":true,"href":"https:\/\/terragina.de\/blog\/wp-json\/wp\/v2\/comments?post=9010"}],"version-history":[{"count":0,"href":"https:\/\/terragina.de\/blog\/wp-json\/wp\/v2\/posts\/9010\/revisions"}],"wp:attachment":[{"href":"https:\/\/terragina.de\/blog\/wp-json\/wp\/v2\/media?parent=9010"}],"wp:term":[{"taxonomy":"category","embeddable":true,"href":"https:\/\/terragina.de\/blog\/wp-json\/wp\/v2\/categories?post=9010"},{"taxonomy":"post_tag","embeddable":true,"href":"https:\/\/terragina.de\/blog\/wp-json\/wp\/v2\/tags?post=9010"}],"curies":[{"name":"wp","href":"https:\/\/api.w.org\/{rel}","templated":true}]}}