{"id":9037,"date":"2012-01-01T12:16:04","date_gmt":"2012-01-01T11:16:04","guid":{"rendered":"http:\/\/terragina.de\/blog\/?p=9037"},"modified":"2012-01-01T14:22:26","modified_gmt":"2012-01-01T13:22:26","slug":"my-weekly-pics-522011","status":"publish","type":"post","link":"https:\/\/terragina.de\/blog\/2012\/01\/01\/my-weekly-pics-522011\/","title":{"rendered":"My Weekly Pics &#8211; 52\/2011"},"content":{"rendered":"<p style=\"text-align: center;\"><a href=\"http:\/\/terragina.de\/blog\/wp-content\/uploads\/2012\/01\/my_weekly_pics_52_2011.jpg\" rel=\"lightbox[9037]\"><img loading=\"lazy\" decoding=\"async\" src=\"http:\/\/terragina.de\/blog\/wp-content\/uploads\/2012\/01\/my_weekly_pics_52_2011-tm.jpg\" width=\"480\" height=\"480\" alt=\"My Weekly Pics - 52\/2011\" \/><\/a><\/p>\n<p style=\"text-align: center;\"><em>~ klick macht gr\u00c3\u00b6sser ~<\/em><\/p>\n<p><\/p>\n<p>Mein erstes Foto f\u00c3\u00bcr mein 2012er-Projekt. Auch wenn es noch die 52. KW des alten Jahres ist.<\/p>\n<ul>\n<li>Der letzte Friseurbesuch im alten Jahr stand auf dem Plan.<\/li>\n<li>Der Weihnachtsbaum steht noch.<\/li>\n<li>Vernichtung des letzten Baumkuchen-Restes.<\/li>\n<li>Nala geht`s wieder ganz gut nach ihrer Zahn-OP.<\/li>\n<li>Wir haben Wajos &#8211; die Genussmanufaktur &#8211; kennen gelernt und das umgebaute Neu-Isenburg-Zentrum beguckt.<\/li>\n<li>Das neue Jahr wurde mit einem kleinen Familien-Feuerwerk begr\u00c3\u00bc\u00c3\u0178t.<\/li>\n<\/ul>\n<p><em>Und wer sich nun auch gerne so eine kleine Wochen-Bildchen-\u00c3\u0153bersicht gestalten m\u00c3\u00b6chte und ein i*Phone besitzt, der mag gerne auf den kleinen Button in der Sidebar klicken und seine eigenen Weekly-Pics starten. Ich w\u00c3\u00bcrde mich freuen, noch bei anderen diese Bilder zu sehen.<\/em> ;)<\/p>\n<p><\/p>\n","protected":false},"excerpt":{"rendered":"<p>~ klick macht gr\u00c3\u00b6sser ~ Mein erstes Foto f\u00c3\u00bcr mein 2012er-Projekt. Auch wenn es noch die 52. KW des alten Jahres ist. Der letzte Friseurbesuch im alten Jahr stand auf dem Plan. Der Weihnachtsbaum steht noch. Vernichtung des letzten Baumkuchen-Restes. Nala geht`s wieder ganz gut nach ihrer Zahn-OP. Wir haben Wajos &#8211; die Genussmanufaktur &#8211; kennen gelernt und das umgebaute Neu-Isenburg-Zentrum beguckt. Das neue Jahr wurde mit einem kleinen Familien-Feuerwerk begr\u00c3\u00bc\u00c3\u0178t. Und wer sich nun auch gerne so eine kleine Wochen-Bildchen-\u00c3\u0153bersicht gestalten m\u00c3\u00b6chte und ein i*Phone besitzt, der mag gerne auf den kleinen Button in der Sidebar klicken und seine eigenen Weekly-Pics starten. Ich w\u00c3\u00bcrde mich freuen, noch bei anderen diese Bilder zu sehen. ;)<\/p>\n","protected":false},"author":1,"featured_media":0,"comment_status":"open","ping_status":"open","sticky":false,"template":"","format":"standard","meta":{"_jetpack_newsletter_access":"","_jetpack_dont_email_post_to_subs":false,"_jetpack_newsletter_tier_id":0,"_jetpack_memberships_contains_paywalled_content":false,"_jetpack_memberships_contains_paid_content":false,"footnotes":""},"categories":[717],"tags":[421,422,981,973],"class_list":["post-9037","post","type-post","status-publish","format-standard","hentry","category-my-weekly-pics","tag-fotoalbum","tag-fotos","tag-my-weekly-pics","tag-plauderecke"],"jetpack_sharing_enabled":true,"jetpack_shortlink":"https:\/\/wp.me\/pq7aY-2lL","jetpack_likes_enabled":true,"jetpack-related-posts":[],"jetpack_featured_media_url":"","_links":{"self":[{"href":"https:\/\/terragina.de\/blog\/wp-json\/wp\/v2\/posts\/9037","targetHints":{"allow":["GET"]}}],"collection":[{"href":"https:\/\/terragina.de\/blog\/wp-json\/wp\/v2\/posts"}],"about":[{"href":"https:\/\/terragina.de\/blog\/wp-json\/wp\/v2\/types\/post"}],"author":[{"embeddable":true,"href":"https:\/\/terragina.de\/blog\/wp-json\/wp\/v2\/users\/1"}],"replies":[{"embeddable":true,"href":"https:\/\/terragina.de\/blog\/wp-json\/wp\/v2\/comments?post=9037"}],"version-history":[{"count":0,"href":"https:\/\/terragina.de\/blog\/wp-json\/wp\/v2\/posts\/9037\/revisions"}],"wp:attachment":[{"href":"https:\/\/terragina.de\/blog\/wp-json\/wp\/v2\/media?parent=9037"}],"wp:term":[{"taxonomy":"category","embeddable":true,"href":"https:\/\/terragina.de\/blog\/wp-json\/wp\/v2\/categories?post=9037"},{"taxonomy":"post_tag","embeddable":true,"href":"https:\/\/terragina.de\/blog\/wp-json\/wp\/v2\/tags?post=9037"}],"curies":[{"name":"wp","href":"https:\/\/api.w.org\/{rel}","templated":true}]}}