{"id":9144,"date":"2012-01-09T19:06:53","date_gmt":"2012-01-09T18:06:53","guid":{"rendered":"http:\/\/terragina.de\/blog\/?p=9144"},"modified":"2012-01-10T05:02:46","modified_gmt":"2012-01-10T04:02:46","slug":"12petpix12-der-januar","status":"publish","type":"post","link":"https:\/\/terragina.de\/blog\/2012\/01\/09\/12petpix12-der-januar\/","title":{"rendered":"12PetPix12 &#8211; Der Januar"},"content":{"rendered":"<p><a href=\"http:\/\/gesichtet.net\/12petpix12\/\"><img loading=\"lazy\" decoding=\"async\" src=\"http:\/\/terragina.de\/blog\/wp-content\/uploads\/2012\/01\/12petpix12_logo.jpg\" width=\"100\" height=\"102\" alt=\"12petpix12_logo.jpg\" style=\"float:left; margin-right:10px; margin-bottom:10px;\" \/><\/a>Das Jahr hat begonnen und mit ihm startete auch das neue Foto-Projekt bei Sascha von <a href=\"http:\/\/gesichtet.net\/\" title=\"Gesichtet.net\">Gesichtet.net<\/a>. <a href=\"http:\/\/terragina.de\/blog\/2011\/12\/28\/gute-blog-vorsatze-fur-2012\/\" title=\"Worum es geht bei 12PetPix12\">Hier<\/a> hatte ich bereits geschrieben, dass ich an dieser Aktion gern teilnehmen m\u00c3\u00b6chte und Ihr sehr mich &#8211; noch &#8211; hochmotiviert.<\/p>\n<p>Sascha gibt uns ja jeden Monat ein Thema vor, das wir gemeinsam mit unserem Haustier \/ unseren Haustieren dann foto-technisch umsetzen sollen, d\u00c3\u00bcrfen, k\u00c3\u00b6nnen oder wie auch immer.<\/p>\n<p><a href=\"http:\/\/gesichtet.net\/2012\/01\/foto-projekt-12petpix12-januar-thema\/\" title=\"Thema Januar 12PetPix12 bei Sascha\">Das erste Thema<\/a> des Jahres lautet <big>Begr\u00c3\u00bc\u00c3\u0178ung<\/big>.<\/p>\n<p>Die Interpretation des Themas steht uns v\u00c3\u00b6llig frei. Zum Beispiel h\u00c3\u00a4tte ich die Miezen dabei fotografieren k\u00c3\u00b6nnen, wie sie das neue Jahr begr\u00c3\u00bc\u00c3\u0178en. Aber dann h\u00c3\u00a4tte ich unters Bett krabbeln und ca. 45 Minuten dort verharren m\u00c3\u00bcssen. Oder war\u00c2\u00b4s noch l\u00c3\u00a4nger? Nee, die Knallerei m\u00c3\u00b6gen unsere Stubentiger gar nicht. :no:<\/p>\n<p>Ich habe mich dazu entschlossen, sie zu knipsen, wenn ich nach Hause komme und vor allem die beiden Kleinen erwartungsfroh auf der Treppe sitzen und mich mit grossen Kulleraugen angucken. Frei nach dem Motto \u00e2\u20ac\u017eNa endlich &#8211; da isse ja!\u00e2\u20ac\u009d Ich mag diese Art der Begr\u00c3\u00bc\u00c3\u0178ung, es ist allerdings gar nicht so einfach sie so zu erwischen. Denn zum einen komme ich selten durch Haust\u00c3\u00bcr (alldieweil ich aus der Garage auch direkt ins Haus gehen kann) und zum anderen habe ich ebenso selten meine gro\u00c3\u0178e Kamera parat. Aber: Ich kann ja auch improvisieren und nicht ich mu\u00c3\u0178 ja nur nach Hause kommen, denn das Schauspiel ereignet sich manchmal auch, wenn andere Familienmitglieder das Haus betreten. ;)<\/p>\n<p>Hier also zun\u00c3\u00a4chst mal ein Schnappschuss mit dem i*Phone:<\/p>\n<div style=\"text-align: center;\">\n  <img loading=\"lazy\" decoding=\"async\" src=\"http:\/\/terragina.de\/blog\/wp-content\/uploads\/2012\/01\/12petpix12_januar_iphone.jpg\" width=\"442\" height=\"598\" alt=\"12petpix12_januar_iphone.jpg\" \/>\n<\/div>\n<p>Muss ich unsere Fellnasen eigentlich noch vorstellen? Diejenigen von Euch, die schon l\u00c3\u00a4nger bei mir lesen, kennen Nala (rechts im Bild) und Padano (unser K\u00c3\u00a4sew\u00c3\u00bcrfelchen) ja schon. F\u00c3\u00bcr alle anderen, die neu auf meinem Blog sind, stelle ich die beiden noch einmal kurz vor:<\/p>\n<p><strong>Nala<\/strong> ist nun schon gute 2 Jahre bei uns. Geboren wurde sie am 04. August 2009 in einem kleinen fr\u00c3\u00a4nkischen St\u00c3\u00a4dtchen. Die kleine Maus tobt gerne mit dem Katerchen durchs Haus, kann aber auch sehr gem\u00c3\u00bctlich und ignorant sein.<\/p>\n<p><strong>Padano<\/strong> kam im vergangenen Februar in unsere Familie. Er ist ein Halbbruder von Nala. Das Licht der Welt hat er am 06. Juli 2010 erblickt- er ist also noch ein ganz sch\u00c3\u00b6ner Jungspund und turnt noch ordentlich durch die Gegend. Ausserdem h\u00c3\u00a4tte er wohl eigentlich ein Hund werden sollen, denn er liebt es, zu apportieren. ;)<\/p>\n<p>Diesmal noch nicht dabei (also auf den Fotos) ist unsere \u00e2\u20ac\u017eGrand Dame\u00e2\u20ac\u009d <strong>Beverly &#8211;<\/strong> sie distanziert sich gerne ein wenig vom Begr\u00c3\u00bc\u00c3\u0178ungs-Kommitee und sitzt statt dessen lieber am Fenster, wenn ein Auto in unsere Einfahrt f\u00c3\u00a4hrt. Sie ist am l\u00c3\u00a4ngsten bei uns, wurde am 28. M\u00c3\u00a4rz 2002 geboren und wird demnach bald 10 Jahre alt. Eine gesunde, \u00c3\u00a4u\u00c3\u0178erst liebenswerte Coonie-Dame, die keiner Fliege etwas zu leide tun kann. Sie kam im Alter von 4 Jahren in unser Haus und bereichert unser Leben jeden Tag. Manchmal ist sie vom ungest\u00c3\u00bcmen Spielen von Padano ein wenig genervt, aber dann zieht sie sich an ein gem\u00c3\u00bctliches Pl\u00c3\u00a4tzchen zur\u00c3\u00bcck und kommt irgendwann wieder. :)<\/p>\n<p>So, genug der Vorstellung, hier nun noch ein sch\u00c3\u00b6neres Foto von unserer Nalamaus &#8211; klick macht gr\u00c3\u00b6sser!<\/p>\n<div style=\"text-align: center;\">\n  <a href=\"http:\/\/terragina.de\/blog\/wp-content\/uploads\/2012\/01\/12petpix12_januar.jpg\" rel=\"lightbox[9144]\"><img loading=\"lazy\" decoding=\"async\" src=\"http:\/\/terragina.de\/blog\/wp-content\/uploads\/2012\/01\/12petpix12_januar-tm.jpg\" width=\"300\" height=\"225\" alt=\"12PetPix12 - Der Januar\" \/><\/a>\n<\/div>\n<p><\/p>\n<div style=\"text-align: center;\">\n  <em>Schon jetzt bin ich sehr gespannt, mit welchem Thema Sascha uns im n\u00c3\u00a4chsten Monat \u00c3\u00bcberraschen wird. :catlove:<\/em>\n<\/div>\n","protected":false},"excerpt":{"rendered":"<p>Das Jahr hat begonnen und mit ihm startete auch das neue Foto-Projekt bei Sascha von Gesichtet.net. Hier hatte ich bereits geschrieben, dass ich an dieser Aktion gern teilnehmen m\u00c3\u00b6chte und Ihr sehr mich &#8211; noch &#8211; hochmotiviert. Sascha gibt uns ja jeden Monat ein Thema vor, das wir gemeinsam mit unserem Haustier \/ unseren Haustieren dann foto-technisch umsetzen sollen, d\u00c3\u00bcrfen, k\u00c3\u00b6nnen oder wie auch immer. Das erste Thema des Jahres lautet Begr\u00c3\u00bc\u00c3\u0178ung. Die Interpretation des Themas steht uns v\u00c3\u00b6llig frei. Zum Beispiel h\u00c3\u00a4tte ich die Miezen dabei fotografieren k\u00c3\u00b6nnen, wie sie das neue Jahr begr\u00c3\u00bc\u00c3\u0178en. Aber dann h\u00c3\u00a4tte ich unters Bett krabbeln und ca. 45 Minuten dort verharren m\u00c3\u00bcssen. Oder war\u00c2\u00b4s noch l\u00c3\u00a4nger? Nee, die Knallerei m\u00c3\u00b6gen unsere Stubentiger gar nicht. :no: Ich habe mich dazu entschlossen, sie zu knipsen, wenn ich nach Hause komme und vor allem die beiden Kleinen erwartungsfroh auf der Treppe sitzen und mich mit grossen Kulleraugen angucken. Frei nach dem Motto \u00e2\u20ac\u017eNa endlich &#8211; da isse ja!\u00e2\u20ac\u009d Ich mag diese Art der Begr\u00c3\u00bc\u00c3\u0178ung, es ist allerdings gar nicht so einfach &hellip;<\/p>\n","protected":false},"author":1,"featured_media":0,"comment_status":"open","ping_status":"open","sticky":false,"template":"","format":"standard","meta":{"_jetpack_newsletter_access":"","_jetpack_dont_email_post_to_subs":false,"_jetpack_newsletter_tier_id":0,"_jetpack_memberships_contains_paywalled_content":false,"_jetpack_memberships_contains_paid_content":false,"footnotes":""},"categories":[718,2],"tags":[982,421,957],"class_list":["post-9144","post","type-post","status-publish","format-standard","hentry","category-12petpix12","category-foto","tag-12petpix12","tag-fotoalbum","tag-foto"],"jetpack_sharing_enabled":true,"jetpack_shortlink":"https:\/\/wp.me\/pq7aY-2nu","jetpack_likes_enabled":true,"jetpack-related-posts":[],"jetpack_featured_media_url":"","_links":{"self":[{"href":"https:\/\/terragina.de\/blog\/wp-json\/wp\/v2\/posts\/9144","targetHints":{"allow":["GET"]}}],"collection":[{"href":"https:\/\/terragina.de\/blog\/wp-json\/wp\/v2\/posts"}],"about":[{"href":"https:\/\/terragina.de\/blog\/wp-json\/wp\/v2\/types\/post"}],"author":[{"embeddable":true,"href":"https:\/\/terragina.de\/blog\/wp-json\/wp\/v2\/users\/1"}],"replies":[{"embeddable":true,"href":"https:\/\/terragina.de\/blog\/wp-json\/wp\/v2\/comments?post=9144"}],"version-history":[{"count":0,"href":"https:\/\/terragina.de\/blog\/wp-json\/wp\/v2\/posts\/9144\/revisions"}],"wp:attachment":[{"href":"https:\/\/terragina.de\/blog\/wp-json\/wp\/v2\/media?parent=9144"}],"wp:term":[{"taxonomy":"category","embeddable":true,"href":"https:\/\/terragina.de\/blog\/wp-json\/wp\/v2\/categories?post=9144"},{"taxonomy":"post_tag","embeddable":true,"href":"https:\/\/terragina.de\/blog\/wp-json\/wp\/v2\/tags?post=9144"}],"curies":[{"name":"wp","href":"https:\/\/api.w.org\/{rel}","templated":true}]}}