{"id":9259,"date":"2012-01-27T08:04:13","date_gmt":"2012-01-27T07:04:13","guid":{"rendered":"http:\/\/terragina.de\/blog\/?p=9259"},"modified":"2012-01-27T08:07:59","modified_gmt":"2012-01-27T07:07:59","slug":"freitags-fuller-148","status":"publish","type":"post","link":"https:\/\/terragina.de\/blog\/2012\/01\/27\/freitags-fuller-148\/","title":{"rendered":"Freitags-F\u00c3\u00bcller #148"},"content":{"rendered":"<p><\/p>\n<div style=\"text-align: center;\">\n  <a title=\"Barbara`s Scrap-Impulse mitnehmen\" href=\"http:\/\/scrap-impulse.typepad.com\/scrapimpulse\/2012\/01\/freitags-f%C3%BCller-148.html\"><img loading=\"lazy\" decoding=\"async\" src=\"http:\/\/terragina.de\/blog\/images\/freitags_fueller.jpg\" alt=\"freitags_fueller.jpg\" width=\"400\" height=\"87\" \/><\/a>\n<\/div>\n<div style=\"text-align: center;\">\n  \n<\/div>\n<div style=\"text-align: center;\">\n  \n<\/div>\n<div style=\"text-align: center;\">\n  \n<\/div>\n<p>Mit etwas ungewohnter Versp\u00c3\u00a4tung &#8211; was aber vollkommen legitim ist, liebe Barbara &#8211; ist er nun da! Und hier kommen auch schon meine Antworten:<\/p>\n<p><\/p>\n<p>1. Es wird Zeit <font color=\"#9B2641\">, dass der Winter endlich kommt. Der Schnee da draussen sieht sch\u00c3\u00b6n aus und es ist so still &#8211; ich liebe das<\/font>.<\/p>\n<p>2. <font color=\"#9B2641\">\u00e2\u20ac\u017eDenke an Deinen Schl\u00c3\u00bcssel!\u00e2\u20ac\u009d ist ein Standardspruch jeden Morgen<\/font>, und vergiss nicht <font color=\"#9B2641\">Deinen Schal in der Schule habe ich dem Sohnemann vorhin noch hinterher gerufen<\/font>.<\/p>\n<p>3. Gestern Abend <font color=\"#9B2641\">war Elternabend f\u00c3\u00bcr die Konfirmanden-Eltern\u00e2\u20ac\u00a6 wow, 21 Konfirmanden ist wirklich eine Menge &#8211; ob das in 1 Stunde 20 Minuten zu schaffen ist?<\/font><\/p>\n<p>4. <span style=\"color: #000000;\"><span style=\"color: #9B2641;\">Der Winter 2012 soll jetzt wirklich kommen&#8230;<\/span><\/span> im Ernst?<\/p>\n<p><b><span style=\"font-weight: normal;\">5.<\/span><\/b> Als Kind musste ich <font color=\"#9B2641\">immer den Abfall bis ans Ende der Strasse in die gro\u00c3\u0178en Container bringen. Warum werden dann hier die Augen verdreht, wenn hier doch die Abfalltonnen in nur ca. 3 Metern Entfernung vor der T\u00c3\u00bcr stehen?<\/font><\/p>\n<p>6. <span style=\"color: #000000;\"><span style=\"color: #9B2641;\">Im Nachhinein denkt man manchmal anders<\/span><\/span> \u00c3\u00bcber die ganze Sache. <em><font color=\"#9B2641\">Fragt sich nur \u00c3\u00bcber welche&#8230;<\/font><\/em><\/p>\n<p><font>7. Was das Wochenende angeht, heute Abend freue ich mich auf<\/font> <font color=\"#9B2641\">einen gem\u00c3\u00bctlichen, kuscheligen Couchabend bei Kerzenschein und vielleicht einem T\u00c3\u00a4sschen Gl\u00c3\u00bchwein<\/font>, morgen habe ich <font color=\"#9B2641\">das Ausmisten des Kellers<\/font> geplant <em><font color=\"#9B2641\">(aber nur, wenn mir bzw. uns nichts Besseres einf\u00c3\u00a4llt)<\/font><\/em> und Sonntag m\u00c3\u00b6chte ich <font color=\"#9B2641\">einfach in den Tag hinein leben und gucken, was der Tag so bringt<\/font>.<\/p>\n<p><\/p>\n<div style=\"text-align: center;\">\n<div style=\"text-align: left;\">\n    <em>Draussen schneit es leise vor sich hin, ich h\u00c3\u00b6rte eine Schneefr\u00c3\u00a4se im Hintergrund (warum zum Geier, es ist wirklich nicht viel Schnee). Gleich werde ich duschen gehen und sp\u00c3\u00a4ter eine liebe Kollegin besuchen &#8211; wir wollen gemeinsam ein T\u00c3\u00a4sschen Kaffee trinken. Euch allen w\u00c3\u00bcnsche ich ein gro\u00c3\u0178artiges Wochenende. Der Winter kommt und es wird lausig kalt\u00e2\u20ac\u00a6 zieht Euch warm an! :)<\/em>\n  <\/div>\n<div style=\"text-align: left;\">\n    <i><br \/><\/i>\n  <\/div>\n<\/div>\n","protected":false},"excerpt":{"rendered":"<p>Mit etwas ungewohnter Versp\u00c3\u00a4tung &#8211; was aber vollkommen legitim ist, liebe Barbara &#8211; ist er nun da! Und hier kommen auch schon meine Antworten: 1. Es wird Zeit , dass der Winter endlich kommt. Der Schnee da draussen sieht sch\u00c3\u00b6n aus und es ist so still &#8211; ich liebe das. 2. \u00e2\u20ac\u017eDenke an Deinen Schl\u00c3\u00bcssel!\u00e2\u20ac\u009d ist ein Standardspruch jeden Morgen, und vergiss nicht Deinen Schal in der Schule habe ich dem Sohnemann vorhin noch hinterher gerufen. 3. Gestern Abend war Elternabend f\u00c3\u00bcr die Konfirmanden-Eltern\u00e2\u20ac\u00a6 wow, 21 Konfirmanden ist wirklich eine Menge &#8211; ob das in 1 Stunde 20 Minuten zu schaffen ist? 4. Der Winter 2012 soll jetzt wirklich kommen&#8230; im Ernst? 5. Als Kind musste ich immer den Abfall bis ans Ende der Strasse in die gro\u00c3\u0178en Container bringen. Warum werden dann hier die Augen verdreht, wenn hier doch die Abfalltonnen in nur ca. 3 Metern Entfernung vor der T\u00c3\u00bcr stehen? 6. Im Nachhinein denkt man manchmal anders \u00c3\u00bcber die ganze Sache. Fragt sich nur \u00c3\u00bcber welche&#8230; 7. Was das Wochenende angeht, heute Abend &hellip;<\/p>\n","protected":false},"author":1,"featured_media":0,"comment_status":"open","ping_status":"open","sticky":false,"template":"","format":"standard","meta":{"_jetpack_newsletter_access":"","_jetpack_dont_email_post_to_subs":false,"_jetpack_newsletter_tier_id":0,"_jetpack_memberships_contains_paywalled_content":false,"_jetpack_memberships_contains_paid_content":false,"footnotes":""},"categories":[114,94],"tags":[973,969],"class_list":["post-9259","post","type-post","status-publish","format-standard","hentry","category-plauderecke","category-stoeckchen","tag-plauderecke","tag-stoeckchen"],"jetpack_sharing_enabled":true,"jetpack_shortlink":"https:\/\/wp.me\/pq7aY-2pl","jetpack_likes_enabled":true,"jetpack-related-posts":[],"jetpack_featured_media_url":"","_links":{"self":[{"href":"https:\/\/terragina.de\/blog\/wp-json\/wp\/v2\/posts\/9259","targetHints":{"allow":["GET"]}}],"collection":[{"href":"https:\/\/terragina.de\/blog\/wp-json\/wp\/v2\/posts"}],"about":[{"href":"https:\/\/terragina.de\/blog\/wp-json\/wp\/v2\/types\/post"}],"author":[{"embeddable":true,"href":"https:\/\/terragina.de\/blog\/wp-json\/wp\/v2\/users\/1"}],"replies":[{"embeddable":true,"href":"https:\/\/terragina.de\/blog\/wp-json\/wp\/v2\/comments?post=9259"}],"version-history":[{"count":0,"href":"https:\/\/terragina.de\/blog\/wp-json\/wp\/v2\/posts\/9259\/revisions"}],"wp:attachment":[{"href":"https:\/\/terragina.de\/blog\/wp-json\/wp\/v2\/media?parent=9259"}],"wp:term":[{"taxonomy":"category","embeddable":true,"href":"https:\/\/terragina.de\/blog\/wp-json\/wp\/v2\/categories?post=9259"},{"taxonomy":"post_tag","embeddable":true,"href":"https:\/\/terragina.de\/blog\/wp-json\/wp\/v2\/tags?post=9259"}],"curies":[{"name":"wp","href":"https:\/\/api.w.org\/{rel}","templated":true}]}}