{"id":9311,"date":"2012-02-05T12:29:16","date_gmt":"2012-02-05T11:29:16","guid":{"rendered":"http:\/\/terragina.de\/blog\/?p=9311"},"modified":"2012-02-05T13:38:43","modified_gmt":"2012-02-05T12:38:43","slug":"my-weekly-pics-052012","status":"publish","type":"post","link":"https:\/\/terragina.de\/blog\/2012\/02\/05\/my-weekly-pics-052012\/","title":{"rendered":"My Weekly Pics 05\/2012"},"content":{"rendered":"<p style=\"text-align: center;\"><a href=\"http:\/\/terragina.de\/blog\/wp-content\/uploads\/2012\/02\/my_weekly_pics_052012.jpg\" rel=\"lightbox[9311]\"><img loading=\"lazy\" decoding=\"async\" src=\"http:\/\/terragina.de\/blog\/wp-content\/uploads\/2012\/02\/my_weekly_pics_052012-tm.jpg\" width=\"480\" height=\"472\" alt=\"My Weekly Pics 05\/2012\" \/><\/a><\/p>\n<p><\/p>\n<p>My Weekly Pics &#8211; ein so sch\u00c3\u00b6nes Projekt! :dance: Ich freue mich die ganze Woche darauf, meine Collage zusammen <s>zu basteln<\/s> basteln zu lassen.<\/p>\n<p>Diesmal h\u00c3\u00a4tte ich eine ganze Collage vom Wise Guys-Konzert vorgestern zusammen basteln k\u00c3\u00b6nnen, wollte ich aber dann doch nicht. Und da ich vom vergangenen Montag kein Foto habe, gibt\u00c2\u00b4s von den Jungs einfach zwei in dieser Woche.<\/p>\n<p>Meine Woche im Schnelldurchlauf:<\/p>\n<ul>\n<li>Kein Schnee! Immer noch nicht. Nur eiskalt ist`s\u00e2\u20ac\u00a6.<\/li>\n<li>\u00e2\u20ac\u017eSohn-lose\u00e2\u20ac\u009d vier Tage. Er ist n\u00c3\u00a4mlich mit seinen Konfi-Kameraden und Kameradinnen in Obernhof an der Lahn.<\/li>\n<li>Es gibt Nachschub an Yankee-Candle und Beanpod Candles. *freu*<\/li>\n<li>Bei der Eisesk\u00c3\u00a4lte draussen merke ich leider meine Finger ganz ordentlich. Da ist nicht viel mit Kritzeln, obwohl ich wirklich Lust h\u00c3\u00a4tte.<\/li>\n<li>Konsequent keine Kippe anger\u00c3\u00bchrt, ein Blick auf den Ticker verr\u00c3\u00a4t, es sind mittlerweile 18 Tage. :dance:<\/li>\n<li>Es gibt auch ein paar Liquids, die mich nicht so begeistern. Ich bin wohl eher die \u00e2\u20ac\u017eS\u00c3\u00bc\u00c3\u0178e\u00e2\u20ac\u009d und stehe auf Mandeliges, Vanilliges und ein wenig Frucht darf ruhig auch zum Dampfen dabei sein.<\/li>\n<li>Freundinnen-Besuch am Freitag fr\u00c3\u00bch &#8211; es war wieder so sch\u00c3\u00b6n! \u00e2\u2122\u00a5<\/li>\n<li>Am Freitag Abend unser Ausflug in die Alte Oper. <a href=\"http:\/\/terragina.de\/blog\/2011\/02\/05\/so-wars-bei-den-wise-guys\/\" title=\"Unsere Pl\u00c3\u00a4tze - vor einem Jahr gebucht\">Logenpl\u00c3\u00a4tze<\/a> in Reihe 1 und 2. Die Stimmung war gro\u00c3\u0178artig und wir haben das Konzert wieder sehr genossen.<\/li>\n<li>Gestern ganz ganz lieber Besuch. Wir alle freuen uns, dass unser Kochevent wieder lebt. Wir hatten einen mega-sch\u00c3\u00b6nen Nachmittag und direkt unser n\u00c3\u00a4chstes Treffen fix gemacht. Toll!! Fotos davon gibt`s diesmal leider nicht (ausser <a href=\"http:\/\/terragina.de\/blog\/2012\/02\/05\/initiative-sonntagssuess-mandarinen-schmand-kuchen\/\" title=\"Mandarinen-Schmand-Schnitten\">diesem<\/a> Kuchen) F\u00c3\u00bcr mich noch schnell unser Men\u00c3\u00bc: Bruschetta als Vorspeise. Hautgericht: <a href=\"http:\/\/www.chefkoch.de\/rezepte\/859271191407401\/Schweinelendchen-aus-dem-Ofen.html\" title=\"Schweinelendchen aus dem Ofen\">mit Bacon umwickelte Schweinelendchen<\/a> mit <a href=\"http:\/\/www.chefkoch.de\/rezepte\/648581166167424\/Risotto.html\" title=\"Einfaches, traditionelles Risotto\">Risotto<\/a>. Dessert: <a href=\"http:\/\/www.chefkoch.de\/rezepte\/565591155022382\/Joghurtbombe.html\" title=\"Die immer wieder geliebte Joghurtbombe\">Joghurtbombe<\/a> mit Himbeeren.<\/li>\n<li>Heute: Faulenzia. Gekocht wird heute Abend\u00e2\u20ac\u00a6.<\/li>\n<li>Ach, und zum guten Schlu\u00c3\u0178 noch die Entdeckung der Woche: <a href=\"http:\/\/www.licor43.de\/startseite\/\" title=\"Lik\u00c3\u00b6r 43\">Lik\u00c3\u00b6r 43<\/a> (ja, ich kannte das bis jetzt wirklich nicht noch nicht\u00e2\u20ac\u00a6 sorry) in hei\u00c3\u0178er Milch\u00e2\u20ac\u00a6. bei -10\u00c2\u00b0C Aussentemperatur w\u00c3\u00a4rmt das sooo sch\u00c3\u00b6n\u00e2\u20ac\u00a6<\/li>\n<\/ul>\n<p>Euch allen einen sch\u00c3\u00b6nen, sonnigen Sonntag-Nachmittag!!<\/p>\n<p><\/p>\n","protected":false},"excerpt":{"rendered":"<p>My Weekly Pics &#8211; ein so sch\u00c3\u00b6nes Projekt! :dance: Ich freue mich die ganze Woche darauf, meine Collage zusammen zu basteln basteln zu lassen. Diesmal h\u00c3\u00a4tte ich eine ganze Collage vom Wise Guys-Konzert vorgestern zusammen basteln k\u00c3\u00b6nnen, wollte ich aber dann doch nicht. Und da ich vom vergangenen Montag kein Foto habe, gibt\u00c2\u00b4s von den Jungs einfach zwei in dieser Woche. Meine Woche im Schnelldurchlauf: Kein Schnee! Immer noch nicht. Nur eiskalt ist`s\u00e2\u20ac\u00a6. \u00e2\u20ac\u017eSohn-lose\u00e2\u20ac\u009d vier Tage. Er ist n\u00c3\u00a4mlich mit seinen Konfi-Kameraden und Kameradinnen in Obernhof an der Lahn. Es gibt Nachschub an Yankee-Candle und Beanpod Candles. *freu* Bei der Eisesk\u00c3\u00a4lte draussen merke ich leider meine Finger ganz ordentlich. Da ist nicht viel mit Kritzeln, obwohl ich wirklich Lust h\u00c3\u00a4tte. Konsequent keine Kippe anger\u00c3\u00bchrt, ein Blick auf den Ticker verr\u00c3\u00a4t, es sind mittlerweile 18 Tage. :dance: Es gibt auch ein paar Liquids, die mich nicht so begeistern. Ich bin wohl eher die \u00e2\u20ac\u017eS\u00c3\u00bc\u00c3\u0178e\u00e2\u20ac\u009d und stehe auf Mandeliges, Vanilliges und ein wenig Frucht darf ruhig auch zum Dampfen dabei sein. Freundinnen-Besuch am Freitag fr\u00c3\u00bch &#8211; es &hellip;<\/p>\n","protected":false},"author":1,"featured_media":0,"comment_status":"open","ping_status":"open","sticky":false,"template":"","format":"standard","meta":{"_jetpack_newsletter_access":"","_jetpack_dont_email_post_to_subs":false,"_jetpack_newsletter_tier_id":0,"_jetpack_memberships_contains_paywalled_content":false,"_jetpack_memberships_contains_paid_content":false,"footnotes":""},"categories":[2,114],"tags":[421,957,973],"class_list":["post-9311","post","type-post","status-publish","format-standard","hentry","category-foto","category-plauderecke","tag-fotoalbum","tag-foto","tag-plauderecke"],"jetpack_sharing_enabled":true,"jetpack_shortlink":"https:\/\/wp.me\/pq7aY-2qb","jetpack_likes_enabled":true,"jetpack-related-posts":[],"jetpack_featured_media_url":"","_links":{"self":[{"href":"https:\/\/terragina.de\/blog\/wp-json\/wp\/v2\/posts\/9311","targetHints":{"allow":["GET"]}}],"collection":[{"href":"https:\/\/terragina.de\/blog\/wp-json\/wp\/v2\/posts"}],"about":[{"href":"https:\/\/terragina.de\/blog\/wp-json\/wp\/v2\/types\/post"}],"author":[{"embeddable":true,"href":"https:\/\/terragina.de\/blog\/wp-json\/wp\/v2\/users\/1"}],"replies":[{"embeddable":true,"href":"https:\/\/terragina.de\/blog\/wp-json\/wp\/v2\/comments?post=9311"}],"version-history":[{"count":0,"href":"https:\/\/terragina.de\/blog\/wp-json\/wp\/v2\/posts\/9311\/revisions"}],"wp:attachment":[{"href":"https:\/\/terragina.de\/blog\/wp-json\/wp\/v2\/media?parent=9311"}],"wp:term":[{"taxonomy":"category","embeddable":true,"href":"https:\/\/terragina.de\/blog\/wp-json\/wp\/v2\/categories?post=9311"},{"taxonomy":"post_tag","embeddable":true,"href":"https:\/\/terragina.de\/blog\/wp-json\/wp\/v2\/tags?post=9311"}],"curies":[{"name":"wp","href":"https:\/\/api.w.org\/{rel}","templated":true}]}}