{"id":9344,"date":"2012-02-12T09:58:40","date_gmt":"2012-02-12T08:58:40","guid":{"rendered":"http:\/\/terragina.de\/blog\/?p=9344"},"modified":"2012-02-12T10:23:24","modified_gmt":"2012-02-12T09:23:24","slug":"my-weekly-pics-062012","status":"publish","type":"post","link":"https:\/\/terragina.de\/blog\/2012\/02\/12\/my-weekly-pics-062012\/","title":{"rendered":"My Weekly Pics 06\/2012"},"content":{"rendered":"<p style=\"text-align: center;\"><a href=\"http:\/\/terragina.de\/blog\/wp-content\/uploads\/2012\/02\/my_weekly_pics_062012.jpg\" rel=\"lightbox[9344]\"><img loading=\"lazy\" decoding=\"async\" src=\"http:\/\/terragina.de\/blog\/wp-content\/uploads\/2012\/02\/my_weekly_pics_062012-tm.jpg\" width=\"480\" height=\"480\" alt=\"My Weekly Pics 06\/2012\" \/><\/a><\/p>\n<p style=\"text-align: center;\"><em>~ klick macht gr\u00c3\u00b6sser ~<\/em><\/p>\n<p><\/p>\n<p>Immer wieder sonntags\u00e2\u20ac\u00a6 kommt die Erinnerung. Erinnerungen an die vergangene Woche. Einmal Revue passieren lassen. Sch\u00c3\u00b6n! Was hat mir diese Woche gebracht?<\/p>\n<ul>\n<li>Eine weitere Woche ohne Rauch und Qualm &#8211; daf\u00c3\u00bcr aber mit Dampf. Favorisiert in dieser Woche: Eisbonbon-Geschmack \u00e2\u20ac\u017eFresh\u00e2\u20ac\u009d &#8211; s..lecker. :)<\/li>\n<li>Fitness-Training nach Plan.<\/li>\n<li>Auf der Arbeit alles im gr\u00c3\u00bcnen Bereich.<\/li>\n<li>Draussen sehr sehr kalt. F\u00c3\u00bcr mich bedeutet das schmerzende und vor allem auch permanent kalte H\u00c3\u00a4nde. Nicht sch\u00c3\u00b6n. Aber so Esser halt, der Winter. Am Freitag so extrem, dass ich einen Tag daheim geblieben bin. Hat gut getan, die Intensivkur mit Rheumasalbe.<\/li>\n<li>Kleine Gewitter reinigen die Luft. Ab und an mu\u00c3\u0178 das mal sein.<\/li>\n<li>Endlich wieder ein wenig gekritzelt. Gestern und heute. Hier noch ein weiteres Werk <em>(in der \u00c3\u0153bersicht auch unten rechts zu sehen)<\/em>:<\/li>\n<\/ul>\n<p><\/p>\n<p style=\"text-align: center;\"><a href=\"http:\/\/terragina.de\/blog\/wp-content\/uploads\/2012\/02\/ks_zendoodle_008_2012.jpg\" rel=\"lightbox[9344]\"><img loading=\"lazy\" decoding=\"async\" src=\"http:\/\/terragina.de\/blog\/wp-content\/uploads\/2012\/02\/ks_zendoodle_008_2012-tm.jpg\" width=\"460\" height=\"460\" alt=\"Inspired by Phine\" \/><\/a><\/p>\n<p style=\"text-align: center;\"><em>~ klick ~<\/em><\/p>\n<p style=\"text-align: center;\"><em><br \/><\/em><\/p>\n<p style=\"text-align: left;\"><i><small>Und f\u00c3\u00bcr die ganz Fuchsigen unter Euch: Ja, bei der Wochencollage habe ich ein klein wenig gemogelt. Das Bild mit der Laterne im Vordergrund ist bereits Freitag vor einer Woche nach dem Wise Guys Konzert entstanden. Ich habe es noch in der Foto-App des iPhones gehabt, sonst h\u00c3\u00a4tte ich es bereits letzte Woche eingebastelt. Und auch das Bild von meiner e-Ziggi ist schon von letzter Woche\u00e2\u20ac\u00a6 es gef\u00c3\u00a4llt mir nur so gut und hat die Collage noch ein wenig aufgelockert. :) Man m\u00c3\u00b6ge mir verzeihen\u00e2\u20ac\u00a6 *duck*<\/small><br \/><\/i><\/p>\n<p style=\"text-align: center;\"><em><br \/><\/em><\/p>\n<p><\/p>\n","protected":false},"excerpt":{"rendered":"<p>~ klick macht gr\u00c3\u00b6sser ~ Immer wieder sonntags\u00e2\u20ac\u00a6 kommt die Erinnerung. Erinnerungen an die vergangene Woche. Einmal Revue passieren lassen. Sch\u00c3\u00b6n! Was hat mir diese Woche gebracht? Eine weitere Woche ohne Rauch und Qualm &#8211; daf\u00c3\u00bcr aber mit Dampf. Favorisiert in dieser Woche: Eisbonbon-Geschmack \u00e2\u20ac\u017eFresh\u00e2\u20ac\u009d &#8211; s..lecker. :) Fitness-Training nach Plan. Auf der Arbeit alles im gr\u00c3\u00bcnen Bereich. Draussen sehr sehr kalt. F\u00c3\u00bcr mich bedeutet das schmerzende und vor allem auch permanent kalte H\u00c3\u00a4nde. Nicht sch\u00c3\u00b6n. Aber so Esser halt, der Winter. Am Freitag so extrem, dass ich einen Tag daheim geblieben bin. Hat gut getan, die Intensivkur mit Rheumasalbe. Kleine Gewitter reinigen die Luft. Ab und an mu\u00c3\u0178 das mal sein. Endlich wieder ein wenig gekritzelt. Gestern und heute. Hier noch ein weiteres Werk (in der \u00c3\u0153bersicht auch unten rechts zu sehen): ~ klick ~ Und f\u00c3\u00bcr die ganz Fuchsigen unter Euch: Ja, bei der Wochencollage habe ich ein klein wenig gemogelt. Das Bild mit der Laterne im Vordergrund ist bereits Freitag vor einer Woche nach dem Wise Guys Konzert entstanden. Ich habe es &hellip;<\/p>\n","protected":false},"author":1,"featured_media":0,"comment_status":"open","ping_status":"open","sticky":false,"template":"","format":"standard","meta":{"_jetpack_newsletter_access":"","_jetpack_dont_email_post_to_subs":false,"_jetpack_newsletter_tier_id":0,"_jetpack_memberships_contains_paywalled_content":false,"_jetpack_memberships_contains_paid_content":false,"footnotes":""},"categories":[2,47,114],"tags":[421,957,422,22,721,973],"class_list":["post-9344","post","type-post","status-publish","format-standard","hentry","category-foto","category-kreativ","category-plauderecke","tag-fotoalbum","tag-foto","tag-fotos","tag-kreatives","tag-kritzeln","tag-plauderecke"],"jetpack_sharing_enabled":true,"jetpack_shortlink":"https:\/\/wp.me\/pq7aY-2qI","jetpack_likes_enabled":true,"jetpack-related-posts":[],"jetpack_featured_media_url":"","_links":{"self":[{"href":"https:\/\/terragina.de\/blog\/wp-json\/wp\/v2\/posts\/9344","targetHints":{"allow":["GET"]}}],"collection":[{"href":"https:\/\/terragina.de\/blog\/wp-json\/wp\/v2\/posts"}],"about":[{"href":"https:\/\/terragina.de\/blog\/wp-json\/wp\/v2\/types\/post"}],"author":[{"embeddable":true,"href":"https:\/\/terragina.de\/blog\/wp-json\/wp\/v2\/users\/1"}],"replies":[{"embeddable":true,"href":"https:\/\/terragina.de\/blog\/wp-json\/wp\/v2\/comments?post=9344"}],"version-history":[{"count":0,"href":"https:\/\/terragina.de\/blog\/wp-json\/wp\/v2\/posts\/9344\/revisions"}],"wp:attachment":[{"href":"https:\/\/terragina.de\/blog\/wp-json\/wp\/v2\/media?parent=9344"}],"wp:term":[{"taxonomy":"category","embeddable":true,"href":"https:\/\/terragina.de\/blog\/wp-json\/wp\/v2\/categories?post=9344"},{"taxonomy":"post_tag","embeddable":true,"href":"https:\/\/terragina.de\/blog\/wp-json\/wp\/v2\/tags?post=9344"}],"curies":[{"name":"wp","href":"https:\/\/api.w.org\/{rel}","templated":true}]}}