{"id":9358,"date":"2012-02-17T07:47:23","date_gmt":"2012-02-17T06:47:23","guid":{"rendered":"http:\/\/terragina.de\/blog\/?p=9358"},"modified":"2012-02-17T12:29:27","modified_gmt":"2012-02-17T11:29:27","slug":"freitags-fuller-151","status":"publish","type":"post","link":"https:\/\/terragina.de\/blog\/2012\/02\/17\/freitags-fuller-151\/","title":{"rendered":"Freitags-F\u00c3\u00bcller #151"},"content":{"rendered":"<p>Frisch geduscht, mit einer Tasse Kaffee und meiner Dampfe, gef\u00c3\u00bcllt mit Erdeer-Vanille-Liquid, sitze ich nun hier und widme mich dem<\/p>\n<div style=\"text-align: center;\">\n  <a title=\"Barbara`s Scrap-Impulse mitnehmen\" href=\"http:\/\/scrap-impulse.typepad.com\/scrapimpulse\/2012\/02\/freitags-f%C3%BCller-151.html\"><img loading=\"lazy\" decoding=\"async\" src=\"http:\/\/terragina.de\/blog\/images\/freitags_fueller.jpg\" alt=\"freitags_fueller.jpg\" width=\"400\" height=\"87\" \/><\/a>\n<\/div>\n<p>Ich mu\u00c3\u0178 erstmal die Meldung verdauen, die ich gerade in meinem Lieblings-Radiosender geh\u00c3\u00b6rt habe. Da ist einem Mann aus Florida am Mund angeblich eine e-Ziggi explodiert? Sorry Leute, aber das kann ich einfach nicht glauben und kann nur mit dem Kopf sch\u00c3\u00bctteln. Er soll sich schwere Verletzungen an Zunge und Z\u00c3\u00a4hnen zugezogen haben, das Gesicht sei halb verbrannt &#8211; ja hat er den Akku denn im Mund gehabt? Oder was in aller Welt hat er sich da f\u00c3\u00bcr eine Modifikation zusammen gebaut?<\/p>\n<p>Ok, Themawechsel &#8211; sonst rege ich mich nur auf. ;)<\/p>\n<p><\/p>\n<p>1. Karneval <font color=\"#9B2641\">ist was f\u00c3\u00bcr die Jecken dieser Welt &#8211; ich mache mir da wenig bis gar nichts draus. Aber die Mucke finde ich lustig (nur die paar Tage und beim Skifahren)<\/font><font color=\"#9B2641\">.<\/font><\/p>\n<p>2. <font color=\"#9B2641\">So manche Dinge, die auf dieser Welt passieren, finde ich einfach nur<\/font> schockierend<font color=\"#9B2641\">.<\/font><\/p>\n<p>3. Unser Star f\u00c3\u00bcr Baku <font color=\"#9B2641\">interessiert mich in diesem Jahr ungef\u00c3\u00a4hr genauso sehr, wie wenn in China ein Sack Reis umf\u00c3\u00a4llt &#8211; man m\u00c3\u00b6ge mir verzeihen<\/font><font color=\"#9B2641\">.<\/font><\/p>\n<p>4. <font color=\"#9B2641\">Jetzt ist es wieder deutlich w\u00c3\u00a4rmer draussen,<\/font> aber ebenso <span style=\"color: #9B2641;\">ist es auch gleich wieder richtig schmuddelig. Und, was ist Euch jetzt lieber?<\/span><\/p>\n<p><b><span style=\"font-weight: normal;\">5.<\/span><\/b> Ich habe noch nie <font color=\"#9B2641\">im Lotto gewonnen. Werde ich auch nicht, da ich nicht Lotto spiele<\/font><font color=\"#9B2641\">. ;)<\/font><\/p>\n<p>6. <font color=\"#9B2641\">Auch der Hobbykoch hat nun seine Dampfe bekommen &#8211;<\/font> mal sehen was draus wird<font color=\"#9B2641\">.<\/font><\/p>\n<p><font>7. Was das Wochenende angeht, heute Abend freue ich mich auf<\/font> <font color=\"#9B2641\">den schon fast obligatorischen, freit\u00c3\u00a4glichen Familienabend<\/font>, morgen habe ich <font color=\"#9B2641\">Haushalt schmeissen und ein paar andere unliebsame Dinge<\/font> geplant und Sonntag m\u00c3\u00b6chte ich <font color=\"#9B2641\">mal wieder in Ruhe ein wenig kritzeln<\/font>.<\/p>\n<p><\/p>\n<div style=\"text-align: center;\">\n<div style=\"text-align: left;\">\n    <i>Und Ihr? Feiert Ihr hingebungsvoll Karneval und Fasching? F\u00c3\u00bcr uns ist das nichts. Ganz vielleicht geht\u00c2\u00b4s am Dienstag zu unserem traditionellen Zug nach Klaa Paris &#8211; aber das steht noch l\u00c3\u00a4ngst nicht fest und ist auch stark von Stimmung und Wetter abh\u00c3\u00a4ngig. ;) Macht es Euch sch\u00c3\u00b6n am Wochenende!<\/i>\n  <\/div>\n<div style=\"text-align: left;\">\n    <i><br \/><\/i>\n  <\/div>\n<div style=\"text-align: left;\">\n    <i><br \/><\/i>\n  <\/div>\n<\/div>\n","protected":false},"excerpt":{"rendered":"<p>Frisch geduscht, mit einer Tasse Kaffee und meiner Dampfe, gef\u00c3\u00bcllt mit Erdeer-Vanille-Liquid, sitze ich nun hier und widme mich dem Ich mu\u00c3\u0178 erstmal die Meldung verdauen, die ich gerade in meinem Lieblings-Radiosender geh\u00c3\u00b6rt habe. Da ist einem Mann aus Florida am Mund angeblich eine e-Ziggi explodiert? Sorry Leute, aber das kann ich einfach nicht glauben und kann nur mit dem Kopf sch\u00c3\u00bctteln. Er soll sich schwere Verletzungen an Zunge und Z\u00c3\u00a4hnen zugezogen haben, das Gesicht sei halb verbrannt &#8211; ja hat er den Akku denn im Mund gehabt? Oder was in aller Welt hat er sich da f\u00c3\u00bcr eine Modifikation zusammen gebaut? Ok, Themawechsel &#8211; sonst rege ich mich nur auf. ;) 1. Karneval ist was f\u00c3\u00bcr die Jecken dieser Welt &#8211; ich mache mir da wenig bis gar nichts draus. Aber die Mucke finde ich lustig (nur die paar Tage und beim Skifahren). 2. So manche Dinge, die auf dieser Welt passieren, finde ich einfach nur schockierend. 3. Unser Star f\u00c3\u00bcr Baku interessiert mich in diesem Jahr ungef\u00c3\u00a4hr genauso sehr, wie wenn in China &hellip;<\/p>\n","protected":false},"author":1,"featured_media":0,"comment_status":"open","ping_status":"open","sticky":false,"template":"","format":"standard","meta":{"_jetpack_newsletter_access":"","_jetpack_dont_email_post_to_subs":false,"_jetpack_newsletter_tier_id":0,"_jetpack_memberships_contains_paywalled_content":false,"_jetpack_memberships_contains_paid_content":false,"footnotes":""},"categories":[114,94],"tags":[973,969],"class_list":["post-9358","post","type-post","status-publish","format-standard","hentry","category-plauderecke","category-stoeckchen","tag-plauderecke","tag-stoeckchen"],"jetpack_sharing_enabled":true,"jetpack_shortlink":"https:\/\/wp.me\/pq7aY-2qW","jetpack_likes_enabled":true,"jetpack-related-posts":[],"jetpack_featured_media_url":"","_links":{"self":[{"href":"https:\/\/terragina.de\/blog\/wp-json\/wp\/v2\/posts\/9358","targetHints":{"allow":["GET"]}}],"collection":[{"href":"https:\/\/terragina.de\/blog\/wp-json\/wp\/v2\/posts"}],"about":[{"href":"https:\/\/terragina.de\/blog\/wp-json\/wp\/v2\/types\/post"}],"author":[{"embeddable":true,"href":"https:\/\/terragina.de\/blog\/wp-json\/wp\/v2\/users\/1"}],"replies":[{"embeddable":true,"href":"https:\/\/terragina.de\/blog\/wp-json\/wp\/v2\/comments?post=9358"}],"version-history":[{"count":0,"href":"https:\/\/terragina.de\/blog\/wp-json\/wp\/v2\/posts\/9358\/revisions"}],"wp:attachment":[{"href":"https:\/\/terragina.de\/blog\/wp-json\/wp\/v2\/media?parent=9358"}],"wp:term":[{"taxonomy":"category","embeddable":true,"href":"https:\/\/terragina.de\/blog\/wp-json\/wp\/v2\/categories?post=9358"},{"taxonomy":"post_tag","embeddable":true,"href":"https:\/\/terragina.de\/blog\/wp-json\/wp\/v2\/tags?post=9358"}],"curies":[{"name":"wp","href":"https:\/\/api.w.org\/{rel}","templated":true}]}}