{"id":9396,"date":"2012-02-22T16:41:54","date_gmt":"2012-02-22T15:41:54","guid":{"rendered":"http:\/\/terragina.de\/blog\/?p=9396"},"modified":"2012-02-22T16:41:55","modified_gmt":"2012-02-22T15:41:55","slug":"inside-7-am-mittwoch","status":"publish","type":"post","link":"https:\/\/terragina.de\/blog\/2012\/02\/22\/inside-7-am-mittwoch\/","title":{"rendered":"inside 7 am Mittwoch"},"content":{"rendered":"<p><a href=\"http:\/\/nebenbeibemerkt.de\/?page=archive&amp;blogid=1300\" target=\"blank\"><img loading=\"lazy\" decoding=\"async\" src=\"http:\/\/terragina.de\/blog\/wp-content\/uploads\/2012\/02\/inside_am_mittwoch.jpg\" width=\"120\" height=\"120\" alt=\"inside_am_mittwoch.jpg\" style=\"float:left; margin-right:10px; margin-bottom:10px;\" \/><\/a>Lange habe ich nicht mehr bei Annelies \u00e2\u20ac\u017eInside7\u00e2\u20ac\u009d mitgemacht. :blush: Und da sonst nichts Weltbewegendes bei mir bzw. uns passiert ist und ich aber gerne bloggen m\u00c3\u00b6chte, gibt`s hier und heute die erg\u00c3\u00a4nzen Vorgaben hier auf diesem Blog. :yes:<\/p>\n<p>Den Jecken unter Euch w\u00c3\u00bcnsche ich noch einen m\u00c3\u00b6glichst wenig verkaterten Rest-Aschermittwoch. Ich warte schon sehr gespannt auf den Abend und werde dann das Regionalfernsehen von NRW anschauen, um zu gucken, was bei dieser <a href=\"http:\/\/www.derwesten.de\/thema\/e_zigarette\/e-raucher-verschenken-ihre-aschenbecher-an-ministerin-steffens-id6347283.html\" title=\"Aschenbecher f\u00c3\u00bcr Frau Steffens\">Aktion<\/a> heraus gekommen ist. ;)<\/p>\n<p>\nNun aber zu Annelies Vorgaben &#8211; diese sind <em>kursiv<\/em>!<\/p>\n<p><em>Vor der T\u00c3\u00bcr<\/em> liegt eine Menge Staub und Schmutz, der dringend mal zusammen gekehrt werden m\u00c3\u00bcsste. Das schreibe ich gleich mal auf die To-Do-Liste.<\/p>\n<p><em>Ich sollte vielleicht<\/em> endlich mal das Foto f\u00c3\u00bcr mein Fotoprojekt schiessen, bevor der Monat ganz herum ist.<\/p>\n<p><em>Ich freue mich<\/em> schon jetzt auf`s Wochenende!<\/p>\n<p><em>\u00c3\u201ergerlich ist<\/em>, dass ich mir irgendwie am Montag beim Fitness was bei den Rippen eingeklemmt habe, es schmerzt bei so mancher Bewegung. :(<\/p>\n<p><em>Mein Leben<\/em> gef\u00c3\u00a4llt mir eigentlich ganz gut, so wie es gerade ist.<\/p>\n<p><em>Ordnung schaffen<\/em> ist eine Tugend, der man\/frau von Zeit zu Zeit nachkommen muss, wenn man\/frau den \u00c3\u0153berblick behalten m\u00c3\u00b6chte. Ob man\/frau will oder nicht.<\/p>\n<p><em>Ich brauche<\/em> eigentlich gar nichts im Moment, aber ich h\u00c3\u00a4tte gerne so einiges. *lol*<\/p>\n<p><\/p>\n<p>Und Du? Hast Du vielleicht auch Lust und gerade Zeit, die Inside7 auszuf\u00c3\u00bcllen? Wenn ja, dann w\u00c3\u00bcnsche ich Dir viel Spa\u00c3\u0178!<\/p>\n<p><\/p>\n<p><span style=\"text-decoration: overline\">By the way\u00e2\u20ac\u00a6 heute 5 Wochen rauchfrei<\/span> :dance:<\/p>\n","protected":false},"excerpt":{"rendered":"<p>Lange habe ich nicht mehr bei Annelies \u00e2\u20ac\u017eInside7\u00e2\u20ac\u009d mitgemacht. :blush: Und da sonst nichts Weltbewegendes bei mir bzw. uns passiert ist und ich aber gerne bloggen m\u00c3\u00b6chte, gibt`s hier und heute die erg\u00c3\u00a4nzen Vorgaben hier auf diesem Blog. :yes: Den Jecken unter Euch w\u00c3\u00bcnsche ich noch einen m\u00c3\u00b6glichst wenig verkaterten Rest-Aschermittwoch. Ich warte schon sehr gespannt auf den Abend und werde dann das Regionalfernsehen von NRW anschauen, um zu gucken, was bei dieser Aktion heraus gekommen ist. ;) Nun aber zu Annelies Vorgaben &#8211; diese sind kursiv! Vor der T\u00c3\u00bcr liegt eine Menge Staub und Schmutz, der dringend mal zusammen gekehrt werden m\u00c3\u00bcsste. Das schreibe ich gleich mal auf die To-Do-Liste. Ich sollte vielleicht endlich mal das Foto f\u00c3\u00bcr mein Fotoprojekt schiessen, bevor der Monat ganz herum ist. Ich freue mich schon jetzt auf`s Wochenende! \u00c3\u201ergerlich ist, dass ich mir irgendwie am Montag beim Fitness was bei den Rippen eingeklemmt habe, es schmerzt bei so mancher Bewegung. :( Mein Leben gef\u00c3\u00a4llt mir eigentlich ganz gut, so wie es gerade ist. Ordnung schaffen ist eine Tugend, &hellip;<\/p>\n","protected":false},"author":1,"featured_media":0,"comment_status":"open","ping_status":"open","sticky":false,"template":"","format":"standard","meta":{"_jetpack_newsletter_access":"","_jetpack_dont_email_post_to_subs":false,"_jetpack_newsletter_tier_id":0,"_jetpack_memberships_contains_paywalled_content":false,"_jetpack_memberships_contains_paid_content":false,"footnotes":""},"categories":[114,94],"tags":[973,969],"class_list":["post-9396","post","type-post","status-publish","format-standard","hentry","category-plauderecke","category-stoeckchen","tag-plauderecke","tag-stoeckchen"],"jetpack_sharing_enabled":true,"jetpack_shortlink":"https:\/\/wp.me\/pq7aY-2ry","jetpack_likes_enabled":true,"jetpack-related-posts":[],"jetpack_featured_media_url":"","_links":{"self":[{"href":"https:\/\/terragina.de\/blog\/wp-json\/wp\/v2\/posts\/9396","targetHints":{"allow":["GET"]}}],"collection":[{"href":"https:\/\/terragina.de\/blog\/wp-json\/wp\/v2\/posts"}],"about":[{"href":"https:\/\/terragina.de\/blog\/wp-json\/wp\/v2\/types\/post"}],"author":[{"embeddable":true,"href":"https:\/\/terragina.de\/blog\/wp-json\/wp\/v2\/users\/1"}],"replies":[{"embeddable":true,"href":"https:\/\/terragina.de\/blog\/wp-json\/wp\/v2\/comments?post=9396"}],"version-history":[{"count":0,"href":"https:\/\/terragina.de\/blog\/wp-json\/wp\/v2\/posts\/9396\/revisions"}],"wp:attachment":[{"href":"https:\/\/terragina.de\/blog\/wp-json\/wp\/v2\/media?parent=9396"}],"wp:term":[{"taxonomy":"category","embeddable":true,"href":"https:\/\/terragina.de\/blog\/wp-json\/wp\/v2\/categories?post=9396"},{"taxonomy":"post_tag","embeddable":true,"href":"https:\/\/terragina.de\/blog\/wp-json\/wp\/v2\/tags?post=9396"}],"curies":[{"name":"wp","href":"https:\/\/api.w.org\/{rel}","templated":true}]}}