{"id":9437,"date":"2012-03-01T19:18:09","date_gmt":"2012-03-01T18:18:09","guid":{"rendered":"http:\/\/terragina.de\/blog\/?p=9437"},"modified":"2012-03-01T19:46:40","modified_gmt":"2012-03-01T18:46:40","slug":"ein-offenes-wort-mut-zur-wut","status":"publish","type":"post","link":"https:\/\/terragina.de\/blog\/2012\/03\/01\/ein-offenes-wort-mut-zur-wut\/","title":{"rendered":"Ein offenes Wort: Mut zur Wut"},"content":{"rendered":"<p>Nun mu\u00c3\u0178 ich hier auch mal ein paar Zeilen zum Thema schreiben, denn was unsere Regierung da mit uns macht, das kann und will ich einfach nicht verstehen und es macht mich in zunehmendem Masse s\u00c3\u00a4uerlicher, je mehr ich davon zu Ohren bekomme. Da gibt es bundesweit gesch\u00c3\u00a4tzte 1,2 bis 2 Millionen Dampfer (e-Zigaretten-Raucher), die auf einmal keine Kohle mehr f\u00c3\u00bcr Tabaksteuer an den Staat abdr\u00c3\u00bccken. Ich verstehe schon &#8211; das ist nat\u00c3\u00bcrlich schon ein gro\u00c3\u0178es Problem &#8211; da mu\u00c3\u0178 man doch was dagegen unternehmen k\u00c3\u00b6nnen.<\/p>\n<p>Die eZigarette wird an den Pranger gestellt und es werden S\u00c3\u00a4tze laut wie: \u00e2\u20ac\u017eDas ist doch gesundheitssch\u00c3\u00a4dlich, das k\u00c3\u00b6nnen wir doch nicht zulassen. Viel zu sehr liegt uns die Gesundheit unserer B\u00c3\u00bcrger am Herzen!\u00e2\u20ac\u009d Hallo??? Wir sind doch nicht d\u00c3\u00a4mlich. :no: Wenn das denn so w\u00c3\u00a4re, warum wurden dann nicht schon vor Jahren oder vielmehr Jahrzehnten die Zigaretten vom Markt genommen, die ein Vielfaches mehr an Schadstoffen enthalten, wie zum Beispiel wunderbar bei <a href=\"http:\/\/de.wikipedia.org\/wiki\/Tabakrauch\" title=\"Was ist im Tabakrauch enthalten?\">Tante Wiki<\/a> nachzulesen ist. Mal ehrlich &#8211; in was f\u00c3\u00bcr einer Demokratie leben wir denn hier?<\/p>\n<p>Ich kenne mittlerweile einige Leute, die gute bis sehr gute Erfahrungen mit dem Dampfen gemacht haben. Vielen von ihnen geht es deutlich besser. Bei einigen sieht man das auch deutlich an den Blutwerten und die behandelnden \u00c3\u201erzte sind sehr positiv gestimmt. Ich selbst f\u00c3\u00bchle mich ebenfalls deutlich besser. Ich bin nicht mehr so kurzatmig, ich rieche und schmecke deutlich mehr. Und ich bekomme ja auch in absehbarer Zeit wieder Blut abgenommen und dann bin ich sehr gespannt, was meine Rheumatologin zu meinen Werten sagt. Sie wei\u00c3\u0178 \u00c3\u00bcbrigens schon \u00c3\u00bcber meine Dampferei bescheid und schrieb in einem Mail an mich: \u00e2\u20ac\u017eFrau Terragina &#8211; ich bin sehr stolz auf Sie\u00e2\u20ac\u009d.<\/p>\n<p>Ok, es ist also an der Zeit f\u00c3\u00bcr den <a href=\"http:\/\/www.youtube.com\/results?search_query=Mut+zur+Wut&amp;oq=Mut+zur+Wut&amp;aq=f&amp;aqi=g8&amp;aql=&amp;gs_sm=3&amp;gs_upl=6506l7435l0l7721l6l6l2l1l1l0l54l132l3l3l0\" title=\"Mut zur Wut bei YouTube\">Mut zur Wut<\/a>, damit alle Dampfer gemeinsam etwas bewegen k\u00c3\u00b6nnen &#8211; auch hier auf meinem kleinen Blog. Gilt doch seit heute in NRW ein Verkaufsverbot f\u00c3\u00bcr Nikotin-haltige Liquids. Gilt es wirklich oder wird es nur propagiert, um die Dampfer einzusch\u00c3\u00bcchtern? Was wollen Tabaklobby und die Politiker? Dass wir alle wieder anfangen zu rauchen, damit der Rubel wieder rollt? Das kann doch nicht wirklich deren Ernst sein. Sorry, aber dazu bin ich absolut nicht bereit.<\/p>\n<p>Da wird behauptet, man wei\u00c3\u0178 nicht, was in den Liquidfl\u00c3\u00a4schen wirklich drin ist. Wer selber mischt, wei\u00c3\u0178 das \u00c3\u00bcbrigens sehr genau. Und au\u00c3\u0178er den \u00c3\u00bcblichen Bestandteilen, n\u00c3\u00a4mlich Propylenglykol, pflanzlichem Glycerin, Aromen und Wasser sollte eigentlich nichts weiter in vern\u00c3\u00bcnftigen Liquids enthalten sein. \u00c3\u0153brigens alles Stoffe, die in Kosmetika, Lebensmitteln, Asthmamitteln etc. schon lange eingesetzt werden. Klar, Nikotin ist auch enthalten, wird aber auch auf jedem Fl\u00c3\u00a4schchen angegeben (die schwarzen Schafe mal ausgenommen, die es aber in jeder Sparte gibt). Im Vergleich zur normalen Zigarette ist dieses jedoch trotzdem noch das kleinere \u00c3\u0153bel, oder etwa nicht?<\/p>\n<p>Ich dachte immer, wir leben in einem freien Land &#8211; und in diesem Land gibt es weitaus mehr Raucher, die lustig weiter rauchen d\u00c3\u00bcrfen. Um das zu verstehen, reicht mein Horizont wohl nicht aus. :no:<\/p>\n<p>Sorry, aber da kann ich nur mit dem Kopf sch\u00c3\u00bctteln. Und ich hoffe, ich konnte Euch mit meinen Zeilen ein wenig die Augen \u00c3\u00b6ffnen und vielleicht den\/die ein oder andere neugierig machen. Hier gibt es \u00c3\u00bcbrigens auch nochmal einen sch\u00c3\u00b6nen Bericht zum Thema: <a href=\"http:\/\/vd-eh.de\/de\/Presse-01-3-12.html\" title=\"Das meint der VdeH zum Thema\">Ver\u00c3\u00b6ffentlichung des VdeH<\/a> &#8211; brandaktuell von heute.<\/p>\n<p>\u00c3\u0153brigens werde ich mir jetzt mein erstes Aroma selber mischen. Ich freue mich schon darauf, wenn ich das mit Schokolade, Erdbeere oder vielleicht Himbeere mische? Ich werde sicher berichten. Allerdings dauert`s noch ein bisschen, denn mir fehlt noch der medizinische Alkohol ;)<\/p>\n<div style=\"text-align: center;\">\n  <img loading=\"lazy\" decoding=\"async\" src=\"http:\/\/terragina.de\/blog\/wp-content\/uploads\/2012\/03\/menthol-kristalle.jpg\" width=\"460\" height=\"460\" alt=\"menthol-kristalle.jpg\" \/>\n<\/div>\n<div style=\"text-align: center;\">\n  \n<\/div>\n<p><\/p>\n<p>Ich w\u00c3\u00bcnsche mir Toleranz. Leben und leben lassen in einem freien Land. V\u00c3\u00b6llig klar, dass ganz aufh\u00c3\u00b6ren und \u00e2\u20ac\u017eNicht-Dampfen\u00e2\u20ac\u0153 am allerbesten w\u00c3\u00a4re, das m\u00c3\u00b6chte ich auch \u00c3\u00bcberhaupt nicht in Frage stellen. Aber hey &#8211; ich bin jetzt schon 6 Wochen rauch-frei und ja:<\/p>\n<p>Ich bin stolz darauf und \u00c3\u00bcberzeugt davon, seit dem 18. Januar 2012 ges\u00c3\u00bcnder zu leben. Nicht gesund &#8211; aber ges\u00c3\u00bcnder. :yes1:<\/p>\n","protected":false},"excerpt":{"rendered":"<p>Nun mu\u00c3\u0178 ich hier auch mal ein paar Zeilen zum Thema schreiben, denn was unsere Regierung da mit uns macht, das kann und will ich einfach nicht verstehen und es macht mich in zunehmendem Masse s\u00c3\u00a4uerlicher, je mehr ich davon zu Ohren bekomme. Da gibt es bundesweit gesch\u00c3\u00a4tzte 1,2 bis 2 Millionen Dampfer (e-Zigaretten-Raucher), die auf einmal keine Kohle mehr f\u00c3\u00bcr Tabaksteuer an den Staat abdr\u00c3\u00bccken. Ich verstehe schon &#8211; das ist nat\u00c3\u00bcrlich schon ein gro\u00c3\u0178es Problem &#8211; da mu\u00c3\u0178 man doch was dagegen unternehmen k\u00c3\u00b6nnen. Die eZigarette wird an den Pranger gestellt und es werden S\u00c3\u00a4tze laut wie: \u00e2\u20ac\u017eDas ist doch gesundheitssch\u00c3\u00a4dlich, das k\u00c3\u00b6nnen wir doch nicht zulassen. Viel zu sehr liegt uns die Gesundheit unserer B\u00c3\u00bcrger am Herzen!\u00e2\u20ac\u009d Hallo??? Wir sind doch nicht d\u00c3\u00a4mlich. :no: Wenn das denn so w\u00c3\u00a4re, warum wurden dann nicht schon vor Jahren oder vielmehr Jahrzehnten die Zigaretten vom Markt genommen, die ein Vielfaches mehr an Schadstoffen enthalten, wie zum Beispiel wunderbar bei Tante Wiki nachzulesen ist. Mal ehrlich &#8211; in was f\u00c3\u00bcr einer Demokratie leben wir denn hier? &hellip;<\/p>\n","protected":false},"author":1,"featured_media":0,"comment_status":"open","ping_status":"open","sticky":false,"template":"","format":"standard","meta":{"_jetpack_newsletter_access":"","_jetpack_dont_email_post_to_subs":false,"_jetpack_newsletter_tier_id":0,"_jetpack_memberships_contains_paywalled_content":false,"_jetpack_memberships_contains_paid_content":false,"footnotes":""},"categories":[114],"tags":[973],"class_list":["post-9437","post","type-post","status-publish","format-standard","hentry","category-plauderecke","tag-plauderecke"],"jetpack_sharing_enabled":true,"jetpack_shortlink":"https:\/\/wp.me\/pq7aY-2sd","jetpack_likes_enabled":true,"jetpack-related-posts":[],"jetpack_featured_media_url":"","_links":{"self":[{"href":"https:\/\/terragina.de\/blog\/wp-json\/wp\/v2\/posts\/9437","targetHints":{"allow":["GET"]}}],"collection":[{"href":"https:\/\/terragina.de\/blog\/wp-json\/wp\/v2\/posts"}],"about":[{"href":"https:\/\/terragina.de\/blog\/wp-json\/wp\/v2\/types\/post"}],"author":[{"embeddable":true,"href":"https:\/\/terragina.de\/blog\/wp-json\/wp\/v2\/users\/1"}],"replies":[{"embeddable":true,"href":"https:\/\/terragina.de\/blog\/wp-json\/wp\/v2\/comments?post=9437"}],"version-history":[{"count":0,"href":"https:\/\/terragina.de\/blog\/wp-json\/wp\/v2\/posts\/9437\/revisions"}],"wp:attachment":[{"href":"https:\/\/terragina.de\/blog\/wp-json\/wp\/v2\/media?parent=9437"}],"wp:term":[{"taxonomy":"category","embeddable":true,"href":"https:\/\/terragina.de\/blog\/wp-json\/wp\/v2\/categories?post=9437"},{"taxonomy":"post_tag","embeddable":true,"href":"https:\/\/terragina.de\/blog\/wp-json\/wp\/v2\/tags?post=9437"}],"curies":[{"name":"wp","href":"https:\/\/api.w.org\/{rel}","templated":true}]}}