{"id":9452,"date":"2012-03-03T16:14:42","date_gmt":"2012-03-03T15:14:42","guid":{"rendered":"http:\/\/terragina.de\/blog\/?p=9452"},"modified":"2012-03-04T08:53:44","modified_gmt":"2012-03-04T07:53:44","slug":"messe-besuch","status":"publish","type":"post","link":"https:\/\/terragina.de\/blog\/2012\/03\/03\/messe-besuch\/","title":{"rendered":"Messe-Besuch"},"content":{"rendered":"<p>Eine sch\u00c3\u00b6ne Messe, diese <a href=\"http:\/\/www.landundgenuss.de\/\" title=\"Land &amp; Genuss in der Frankfurter Messehalle 1\">Land &amp; Genuss<\/a> in Frankfurt. Dummerweise habe ich Heldin mal wieder meine Kamera vergessen. Sie lag sch\u00c3\u00b6n auf meinem Tisch &#8211; genau da, wo vorher meine Handtasche stand. *soifz* Also gibbet nur ein paar i*Phone-Shots und eine kleine Geschichte dazu.<\/p>\n<p>Wir m\u00c3\u00b6gen ja hier alle K\u00c3\u00a4se sehr gerne und probierten uns schon ziemlich fr\u00c3\u00bch durch viele kleine K\u00c3\u00a4sew\u00c3\u00bcrfelchen. Einer schmeckte uns besonders gut. Bevor wir uns dann auf den Heimweg machen wollten, zog der Stand uns magisch an und wir liessen uns ein St\u00c3\u00bcck abschneiden. So f\u00c3\u00bcr abends vor der Glotze &#8211; da sind doch ein paar kleine K\u00c3\u00a4sew\u00c3\u00bcrfelchen auch mal ganz sch\u00c3\u00b6n. Das St\u00c3\u00bcck wog stolze 600 g und als wir nach dem Preis fragten, fielen wir bald r\u00c3\u00bcckw\u00c3\u00a4rts lang auf den Boden\u00e2\u20ac\u00a6 knapp 41 Euronen f\u00c3\u00bcr ein St\u00c3\u00bcck K\u00c3\u00a4se? Holla die Waldfee, also normalerweise ist das nun wirklich nicht unsere Preis-Kategorie. *schluck* Aber der K\u00c3\u00a4se ist doch sooo lecker und kam extra aus \u00c3\u2013sterreich zu uns. Wir werden die <a href=\"http:\/\/liebeskaese.at\/htmdocs\/portal.htm\" title=\"Ab in den K\u00c3\u00a4sehimmel\">Schwarze Perle<\/a> h\u00c3\u00a4ppchenweise geniessen. :hmmh:<\/p>\n<div style=\"text-align: center;\">\n  <img loading=\"lazy\" decoding=\"async\" src=\"http:\/\/terragina.de\/blog\/wp-content\/uploads\/2012\/03\/land_und_genuss_01.jpg\" width=\"442\" height=\"598\" alt=\"land_und_genuss_01.jpg\" \/>\n<\/div>\n<p>Wir haben uns wohl ein wenig von dem Messe-Aktions-Schild rechts irre f\u00c3\u00bchren lassen. :oh:<\/p>\n<p>Ausserdem haben wir noch von anderen St\u00c3\u00a4nden diverse K\u00c3\u00b6stlichkeiten mit nach Hause genommen. Italienischen Gran Padano, lecker Appenzeller K\u00c3\u00a4sefondue und f\u00c3\u00bcr die S\u00c3\u00bc\u00c3\u0178e noch was S\u00c3\u00bc\u00c3\u0178es\u00e2\u20ac\u00a6 :blush: Zu sehen auf dem letzten Bild.<\/p>\n<div style=\"text-align: center;\">\n  <img loading=\"lazy\" decoding=\"async\" src=\"http:\/\/terragina.de\/blog\/wp-content\/uploads\/2012\/03\/ubahn_messe.jpg\" width=\"460\" height=\"460\" alt=\"ubahn_messe.jpg\" \/>\n<\/div>\n<div style=\"text-align: center;\">\n  \n<\/div>\n<div style=\"text-align: center;\">\n  <img loading=\"lazy\" decoding=\"async\" src=\"http:\/\/terragina.de\/blog\/wp-content\/uploads\/2012\/03\/ubahn_messe_01.jpg\" width=\"460\" height=\"460\" alt=\"ubahn_messe_01.jpg\" \/>\n<\/div>\n<div style=\"text-align: center;\">\n  \n<\/div>\n<div style=\"text-align: center;\">\n  <img loading=\"lazy\" decoding=\"async\" src=\"http:\/\/terragina.de\/blog\/wp-content\/uploads\/2012\/03\/nougat.jpg\" width=\"460\" height=\"460\" alt=\"nougat.jpg\" \/>\n<\/div>\n<p><\/p>\n<p>Sieht das nicht ober-lecker aus? Franz\u00c3\u00b6sischer Nougat von <a href=\"http:\/\/www.maison-gourmet.de\/\" title=\"Maison Gourmet\">hier<\/a>. Wenn ich das so Schnippelchen f\u00c3\u00bcr Schnippelchen esse, dann wandert`s hoffentlich auch nicht direkt auf die H\u00c3\u00bcften. *lol*<\/p>\n<p>Wer also morgen noch nichts vor hat und in Frankfurt und Umgebung wohnt &#8211; einen ca. 1 1\/2 bis 2-st\u00c3\u00bcndigen Besuch ist die Messe wert. ;)<\/p>\n<p>Oder wie w\u00c3\u00a4re es zum Beispiel mit einem <a href=\"http:\/\/schaeferstuendchen-licherode.de\" title=\"Sch\u00c3\u00a4ferst\u00c3\u00bcndchen in Licherode\">Sch\u00c3\u00a4ferst\u00c3\u00bcndchen mit Picknickkorb<\/a> (gesehen ebenfalls auf dem Messegel\u00c3\u00a4nde im Aussenbereich)\u00e2\u20ac\u00a6<\/p>\n<div style=\"text-align: center;\">\n  <img loading=\"lazy\" decoding=\"async\" src=\"http:\/\/terragina.de\/blog\/wp-content\/uploads\/2012\/03\/schaeferstuendchen.jpg\" width=\"442\" height=\"598\" alt=\"schaeferstuendchen.jpg\" \/>\n<\/div>\n<div style=\"text-align: center;\">\n  \n<\/div>\n<div style=\"text-align: center;\">\n  \n<\/div>\n","protected":false},"excerpt":{"rendered":"<p>Eine sch\u00c3\u00b6ne Messe, diese Land &amp; Genuss in Frankfurt. Dummerweise habe ich Heldin mal wieder meine Kamera vergessen. Sie lag sch\u00c3\u00b6n auf meinem Tisch &#8211; genau da, wo vorher meine Handtasche stand. *soifz* Also gibbet nur ein paar i*Phone-Shots und eine kleine Geschichte dazu. Wir m\u00c3\u00b6gen ja hier alle K\u00c3\u00a4se sehr gerne und probierten uns schon ziemlich fr\u00c3\u00bch durch viele kleine K\u00c3\u00a4sew\u00c3\u00bcrfelchen. Einer schmeckte uns besonders gut. Bevor wir uns dann auf den Heimweg machen wollten, zog der Stand uns magisch an und wir liessen uns ein St\u00c3\u00bcck abschneiden. So f\u00c3\u00bcr abends vor der Glotze &#8211; da sind doch ein paar kleine K\u00c3\u00a4sew\u00c3\u00bcrfelchen auch mal ganz sch\u00c3\u00b6n. Das St\u00c3\u00bcck wog stolze 600 g und als wir nach dem Preis fragten, fielen wir bald r\u00c3\u00bcckw\u00c3\u00a4rts lang auf den Boden\u00e2\u20ac\u00a6 knapp 41 Euronen f\u00c3\u00bcr ein St\u00c3\u00bcck K\u00c3\u00a4se? Holla die Waldfee, also normalerweise ist das nun wirklich nicht unsere Preis-Kategorie. *schluck* Aber der K\u00c3\u00a4se ist doch sooo lecker und kam extra aus \u00c3\u2013sterreich zu uns. Wir werden die Schwarze Perle h\u00c3\u00a4ppchenweise geniessen. :hmmh: Wir haben uns wohl ein &hellip;<\/p>\n","protected":false},"author":1,"featured_media":0,"comment_status":"open","ping_status":"open","sticky":false,"template":"","format":"standard","meta":{"_jetpack_newsletter_access":"","_jetpack_dont_email_post_to_subs":false,"_jetpack_newsletter_tier_id":0,"_jetpack_memberships_contains_paywalled_content":false,"_jetpack_memberships_contains_paid_content":false,"footnotes":""},"categories":[2,114],"tags":[421,957,422,973],"class_list":["post-9452","post","type-post","status-publish","format-standard","hentry","category-foto","category-plauderecke","tag-fotoalbum","tag-foto","tag-fotos","tag-plauderecke"],"jetpack_sharing_enabled":true,"jetpack_shortlink":"https:\/\/wp.me\/pq7aY-2ss","jetpack_likes_enabled":true,"jetpack-related-posts":[],"jetpack_featured_media_url":"","_links":{"self":[{"href":"https:\/\/terragina.de\/blog\/wp-json\/wp\/v2\/posts\/9452","targetHints":{"allow":["GET"]}}],"collection":[{"href":"https:\/\/terragina.de\/blog\/wp-json\/wp\/v2\/posts"}],"about":[{"href":"https:\/\/terragina.de\/blog\/wp-json\/wp\/v2\/types\/post"}],"author":[{"embeddable":true,"href":"https:\/\/terragina.de\/blog\/wp-json\/wp\/v2\/users\/1"}],"replies":[{"embeddable":true,"href":"https:\/\/terragina.de\/blog\/wp-json\/wp\/v2\/comments?post=9452"}],"version-history":[{"count":0,"href":"https:\/\/terragina.de\/blog\/wp-json\/wp\/v2\/posts\/9452\/revisions"}],"wp:attachment":[{"href":"https:\/\/terragina.de\/blog\/wp-json\/wp\/v2\/media?parent=9452"}],"wp:term":[{"taxonomy":"category","embeddable":true,"href":"https:\/\/terragina.de\/blog\/wp-json\/wp\/v2\/categories?post=9452"},{"taxonomy":"post_tag","embeddable":true,"href":"https:\/\/terragina.de\/blog\/wp-json\/wp\/v2\/tags?post=9452"}],"curies":[{"name":"wp","href":"https:\/\/api.w.org\/{rel}","templated":true}]}}