{"id":9473,"date":"2012-03-05T17:52:05","date_gmt":"2012-03-05T16:52:05","guid":{"rendered":"http:\/\/terragina.de\/blog\/?p=9473"},"modified":"2012-03-05T17:52:06","modified_gmt":"2012-03-05T16:52:06","slug":"ein-bisschen-fruhling-2","status":"publish","type":"post","link":"https:\/\/terragina.de\/blog\/2012\/03\/05\/ein-bisschen-fruhling-2\/","title":{"rendered":"Ein bisschen Fr\u00c3\u00bchling"},"content":{"rendered":"<p>War es heute fr\u00c3\u00bchlingshaft bei Euch? Hier hat es heute mehr oder weniger den ganzen Tag geregnet. Lediglich auf der Heimfahrt habe ich f\u00c3\u00bcr gef\u00c3\u00bchlte 2 Minuten eine Sonnenbrille gebraucht\u00e2\u20ac\u00a6 :roll:<\/p>\n<p>Also hole ich mir den Fr\u00c3\u00bchling f\u00c3\u00bcr mich und f\u00c3\u00bcr Dich auf den Blog\u00e2\u20ac\u00a6 ein Blick in unseren kleinen Garten, den ich dringenst mal auf Vordermann bringen muss:<\/p>\n<div style=\"text-align: center;\">\n  <img loading=\"lazy\" decoding=\"async\" src=\"http:\/\/terragina.de\/blog\/wp-content\/uploads\/2012\/03\/schneegloeckchen_01.jpg\" width=\"580\" height=\"445\" alt=\"schneegloeckchen_01.jpg\" \/>\n<\/div>\n<div style=\"text-align: center;\">\n  \n<\/div>\n<div style=\"text-align: center;\">\n  <img loading=\"lazy\" decoding=\"async\" src=\"http:\/\/terragina.de\/blog\/wp-content\/uploads\/2012\/03\/schneegloeckchen_02.jpg\" width=\"580\" height=\"445\" alt=\"schneegloeckchen_02.jpg\" \/>\n<\/div>\n<p>Sch\u00c3\u00b6n, oder? Krokusse sind hier leider nur vereinzelt auf Nachbars Wiese zu sehen. Und da kann ich ja schlecht einfach drauf gehen, um ein paar Makros zu knipsen. :(<\/p>\n<p style=\"text-align: center;\">~~~~~~~~~~~~~~~~~~~~~~~~~~~~~~~~~<\/p>\n<p><\/p>\n<p>Ok, was gibt`s heute sonst noch? Ach ja, bei Martin gibt`s den neuen <a href=\"http:\/\/www.dieblogbar.de\/?p=2759\" title=\"Montags-Starter am 05. M\u00c3\u00a4rz 2012\">Montags-Starter<\/a>\u00e2\u20ac\u00a6 meine Erg\u00c3\u00a4nzungen in <em>kursiv<\/em>:<\/p>\n<p><\/p>\n<p>1. R\u00c3\u00bcckblickend <em>gingen die ersten beiden Monate des Jahres 2012 doch wieder verdammt schnell rum<\/em>.<\/p>\n<p>2. <em>So manche Dinge bringen mich wirklich auf die Palme<\/em>, aber nur manchmal.<\/p>\n<p>3. Was <em>werde ich wohl morgen beim gemeinsamen Shoppen mit dem Tochterkind im Zentrum finden?<\/em><\/p>\n<p>4. <em>So manche Hausarbeit<\/em> blieb auf der Strecke letzte Woche.<\/p>\n<p>5. <em>T\u00c3\u00bcbchen und Cremchen<\/em> habe ich im \u00c3\u0153berfluss.<\/p>\n<p>6. Doch<em>, ich h\u00c3\u00a4tte supergerne einen Induktionsherd und neue Fenster und neue Rolll\u00c3\u00a4den und eine neue Kamera<\/em>, nur <em>leider fehlt mir der Goldesel im Keller und man (frau) muss Priorit\u00c3\u00a4ten setzen<\/em>.<\/p>\n<p>7. Bald <em>fahren wir f\u00c3\u00bcr 4 Tage zum Skifahren ins Montafon\/Vorarlberg<\/em>.<\/p>\n<p>8. Ich habe mir f\u00c3\u00bcr meine Woche <em>Kritzeln<\/em> und <em>ein wenig \u00e2\u20ac\u017eHaushalt schmeissen\u00e2\u20ac\u009d<\/em> vorgenommen und das schaffe ich auch.<\/p>\n<p><\/p>\n<p>Vielen Dank f\u00c3\u00bcr Deine Vorgaben, Martin. Hat Spa\u00c3\u0178 gemacht, wieder dabei zu sein! ;)<\/p>\n<p>Ich w\u00c3\u00bcnsche Dir einen sch\u00c3\u00b6ne Woche mit m\u00c3\u00b6glichst viel Sonnenschein! :winke:<\/p>\n","protected":false},"excerpt":{"rendered":"<p>War es heute fr\u00c3\u00bchlingshaft bei Euch? Hier hat es heute mehr oder weniger den ganzen Tag geregnet. Lediglich auf der Heimfahrt habe ich f\u00c3\u00bcr gef\u00c3\u00bchlte 2 Minuten eine Sonnenbrille gebraucht\u00e2\u20ac\u00a6 :roll: Also hole ich mir den Fr\u00c3\u00bchling f\u00c3\u00bcr mich und f\u00c3\u00bcr Dich auf den Blog\u00e2\u20ac\u00a6 ein Blick in unseren kleinen Garten, den ich dringenst mal auf Vordermann bringen muss: Sch\u00c3\u00b6n, oder? Krokusse sind hier leider nur vereinzelt auf Nachbars Wiese zu sehen. Und da kann ich ja schlecht einfach drauf gehen, um ein paar Makros zu knipsen. :( ~~~~~~~~~~~~~~~~~~~~~~~~~~~~~~~~~ Ok, was gibt`s heute sonst noch? Ach ja, bei Martin gibt`s den neuen Montags-Starter\u00e2\u20ac\u00a6 meine Erg\u00c3\u00a4nzungen in kursiv: 1. R\u00c3\u00bcckblickend gingen die ersten beiden Monate des Jahres 2012 doch wieder verdammt schnell rum. 2. So manche Dinge bringen mich wirklich auf die Palme, aber nur manchmal. 3. Was werde ich wohl morgen beim gemeinsamen Shoppen mit dem Tochterkind im Zentrum finden? 4. So manche Hausarbeit blieb auf der Strecke letzte Woche. 5. T\u00c3\u00bcbchen und Cremchen habe ich im \u00c3\u0153berfluss. 6. Doch, ich h\u00c3\u00a4tte supergerne einen Induktionsherd &hellip;<\/p>\n","protected":false},"author":1,"featured_media":0,"comment_status":"open","ping_status":"open","sticky":false,"template":"","format":"standard","meta":{"_jetpack_newsletter_access":"","_jetpack_dont_email_post_to_subs":false,"_jetpack_newsletter_tier_id":0,"_jetpack_memberships_contains_paywalled_content":false,"_jetpack_memberships_contains_paid_content":false,"footnotes":""},"categories":[2,114,94],"tags":[421,957,973,969],"class_list":["post-9473","post","type-post","status-publish","format-standard","hentry","category-foto","category-plauderecke","category-stoeckchen","tag-fotoalbum","tag-foto","tag-plauderecke","tag-stoeckchen"],"jetpack_sharing_enabled":true,"jetpack_shortlink":"https:\/\/wp.me\/pq7aY-2sN","jetpack_likes_enabled":true,"jetpack-related-posts":[],"jetpack_featured_media_url":"","_links":{"self":[{"href":"https:\/\/terragina.de\/blog\/wp-json\/wp\/v2\/posts\/9473","targetHints":{"allow":["GET"]}}],"collection":[{"href":"https:\/\/terragina.de\/blog\/wp-json\/wp\/v2\/posts"}],"about":[{"href":"https:\/\/terragina.de\/blog\/wp-json\/wp\/v2\/types\/post"}],"author":[{"embeddable":true,"href":"https:\/\/terragina.de\/blog\/wp-json\/wp\/v2\/users\/1"}],"replies":[{"embeddable":true,"href":"https:\/\/terragina.de\/blog\/wp-json\/wp\/v2\/comments?post=9473"}],"version-history":[{"count":0,"href":"https:\/\/terragina.de\/blog\/wp-json\/wp\/v2\/posts\/9473\/revisions"}],"wp:attachment":[{"href":"https:\/\/terragina.de\/blog\/wp-json\/wp\/v2\/media?parent=9473"}],"wp:term":[{"taxonomy":"category","embeddable":true,"href":"https:\/\/terragina.de\/blog\/wp-json\/wp\/v2\/categories?post=9473"},{"taxonomy":"post_tag","embeddable":true,"href":"https:\/\/terragina.de\/blog\/wp-json\/wp\/v2\/tags?post=9473"}],"curies":[{"name":"wp","href":"https:\/\/api.w.org\/{rel}","templated":true}]}}