{"id":9503,"date":"2012-03-12T19:35:52","date_gmt":"2012-03-12T18:35:52","guid":{"rendered":"http:\/\/terragina.de\/blog\/?p=9503"},"modified":"2012-03-12T19:36:54","modified_gmt":"2012-03-12T18:36:54","slug":"aussichten-und-montags-starter","status":"publish","type":"post","link":"https:\/\/terragina.de\/blog\/2012\/03\/12\/aussichten-und-montags-starter\/","title":{"rendered":"Aussichten und Montags-Starter"},"content":{"rendered":"<p style=\"text-align: center;\"><img loading=\"lazy\" decoding=\"async\" src=\"http:\/\/terragina.de\/blog\/wp-content\/uploads\/2012\/03\/aussicht.jpg\" width=\"460\" height=\"460\" alt=\"aussicht.jpg\" \/><\/p>\n<p><\/p>\n<p>Heute nicht wie gewohnt am Arbeitsplatz. Den ganzen Tag \u00c3\u00bcber immer wieder diese Aussicht genossen. Aussicht &#8211; ein fast magisches Wort f\u00c3\u00bcr mich heute. Leider ist es immer noch zu fr\u00c3\u00bch, etwas zu bloggen. Ich strapaziere Eure Geduld (aber meiner geht es genauso &#8211; glaubt mir). Wir werden sehen\u00e2\u20ac\u00a6<\/p>\n<p>F\u00c3\u00bcr heute nur Martins <a href=\"http:\/\/www.dieblogbar.de\/?p=2777\" title=\"Martins Montagsstarter\">Montagsstarter<\/a>, meine Erg\u00c3\u00a4nzungen in kursiv. Der Denkanstoss bringt mich auf andere Gedanken. :)<\/p>\n<p><\/p>\n<p style=\"text-align: center;\">******************<\/p>\n<p><\/p>\n<p>1. Kann ich <em>wohl bald ein Fl\u00c3\u00a4schchen Sekt mit meinen Lieben k\u00c3\u00b6pfen?<\/em><\/p>\n<p>2. <em>Heute war den ganzen Tag \u00c3\u00bcber traumhafter Sonnenschein<\/em>, jedoch <em>konnte ich ihn leider nur von innen geniessen.<\/em><\/p>\n<p>3. 1 Jahr Montagsstarter <em>&#8211; ich bin allerdings erst seit ein paar Wochen dabei.<\/em><\/p>\n<p>4. <em>Eine sch\u00c3\u00b6ne Canon EOS 600D<\/em> w\u00c3\u00bcrde ich mir gerne leisten.<\/p>\n<p>5. <em>Die Einladungskarten f\u00c3\u00bcr die Konfirmation vom Sohnemann<\/em> <s>muss<\/s> m\u00c3\u00bcssten unbedingt fertig werden.<\/p>\n<p>6. Ich muss mich echt zusammen reissen<em>, dass ich nichts \u00c3\u00bcber noch nicht spruchreife Dinge blogge.<\/em><\/p>\n<p>7. Ich w\u00c3\u00bcnsche mir<em>, dass es klappt!<\/em><\/p>\n<p>8. F\u00c3\u00bcr meine aktuelle Woche habe ich <em>noch einen Arztbesuch<\/em> und <em>einen Termin bei meiner lieben Nagelfee geplant<\/em>.<\/p>\n<p>9. Ich w\u00c3\u00bcnsche mir vom Montagsstarter f\u00c3\u00bcr das kommende Jahr<em>, dass Martin weiterhin so viel Spa\u00c3\u0178 und Freude hat, f\u00c3\u00bcr viele Blogger im Land den Montagsstarter zur Verf\u00c3\u00bcgung zu stellen.<\/em> :) <em>Vielen Dank an dieser Stelle, lieber Martin!<\/em><\/p>\n<p><\/p>\n<p><em>Ich kann morgen nochmal ein paar gedr\u00c3\u00bcckte Daumen gebrauchen\u00e2\u20ac\u00a6 denkt Ihr an mich? Ich danke Euch!<\/em> :hearts:<\/p>\n","protected":false},"excerpt":{"rendered":"<p>Heute nicht wie gewohnt am Arbeitsplatz. Den ganzen Tag \u00c3\u00bcber immer wieder diese Aussicht genossen. Aussicht &#8211; ein fast magisches Wort f\u00c3\u00bcr mich heute. Leider ist es immer noch zu fr\u00c3\u00bch, etwas zu bloggen. Ich strapaziere Eure Geduld (aber meiner geht es genauso &#8211; glaubt mir). Wir werden sehen\u00e2\u20ac\u00a6 F\u00c3\u00bcr heute nur Martins Montagsstarter, meine Erg\u00c3\u00a4nzungen in kursiv. Der Denkanstoss bringt mich auf andere Gedanken. :) ****************** 1. Kann ich wohl bald ein Fl\u00c3\u00a4schchen Sekt mit meinen Lieben k\u00c3\u00b6pfen? 2. Heute war den ganzen Tag \u00c3\u00bcber traumhafter Sonnenschein, jedoch konnte ich ihn leider nur von innen geniessen. 3. 1 Jahr Montagsstarter &#8211; ich bin allerdings erst seit ein paar Wochen dabei. 4. Eine sch\u00c3\u00b6ne Canon EOS 600D w\u00c3\u00bcrde ich mir gerne leisten. 5. Die Einladungskarten f\u00c3\u00bcr die Konfirmation vom Sohnemann muss m\u00c3\u00bcssten unbedingt fertig werden. 6. Ich muss mich echt zusammen reissen, dass ich nichts \u00c3\u00bcber noch nicht spruchreife Dinge blogge. 7. Ich w\u00c3\u00bcnsche mir, dass es klappt! 8. F\u00c3\u00bcr meine aktuelle Woche habe ich noch einen Arztbesuch und einen Termin bei meiner lieben Nagelfee &hellip;<\/p>\n","protected":false},"author":1,"featured_media":0,"comment_status":"open","ping_status":"open","sticky":false,"template":"","format":"standard","meta":{"_jetpack_newsletter_access":"","_jetpack_dont_email_post_to_subs":false,"_jetpack_newsletter_tier_id":0,"_jetpack_memberships_contains_paywalled_content":false,"_jetpack_memberships_contains_paid_content":false,"footnotes":""},"categories":[2,114],"tags":[421,957,422,973],"class_list":["post-9503","post","type-post","status-publish","format-standard","hentry","category-foto","category-plauderecke","tag-fotoalbum","tag-foto","tag-fotos","tag-plauderecke"],"jetpack_sharing_enabled":true,"jetpack_shortlink":"https:\/\/wp.me\/pq7aY-2th","jetpack_likes_enabled":true,"jetpack-related-posts":[],"jetpack_featured_media_url":"","_links":{"self":[{"href":"https:\/\/terragina.de\/blog\/wp-json\/wp\/v2\/posts\/9503","targetHints":{"allow":["GET"]}}],"collection":[{"href":"https:\/\/terragina.de\/blog\/wp-json\/wp\/v2\/posts"}],"about":[{"href":"https:\/\/terragina.de\/blog\/wp-json\/wp\/v2\/types\/post"}],"author":[{"embeddable":true,"href":"https:\/\/terragina.de\/blog\/wp-json\/wp\/v2\/users\/1"}],"replies":[{"embeddable":true,"href":"https:\/\/terragina.de\/blog\/wp-json\/wp\/v2\/comments?post=9503"}],"version-history":[{"count":0,"href":"https:\/\/terragina.de\/blog\/wp-json\/wp\/v2\/posts\/9503\/revisions"}],"wp:attachment":[{"href":"https:\/\/terragina.de\/blog\/wp-json\/wp\/v2\/media?parent=9503"}],"wp:term":[{"taxonomy":"category","embeddable":true,"href":"https:\/\/terragina.de\/blog\/wp-json\/wp\/v2\/categories?post=9503"},{"taxonomy":"post_tag","embeddable":true,"href":"https:\/\/terragina.de\/blog\/wp-json\/wp\/v2\/tags?post=9503"}],"curies":[{"name":"wp","href":"https:\/\/api.w.org\/{rel}","templated":true}]}}