{"id":9512,"date":"2012-03-15T18:34:05","date_gmt":"2012-03-15T17:34:05","guid":{"rendered":"http:\/\/terragina.de\/blog\/?p=9512"},"modified":"2012-03-16T07:18:15","modified_gmt":"2012-03-16T06:18:15","slug":"gedruckte-daumen","status":"publish","type":"post","link":"https:\/\/terragina.de\/blog\/2012\/03\/15\/gedruckte-daumen\/","title":{"rendered":"Gedr\u00c3\u00bcckte Daumen"},"content":{"rendered":"<p>Bei so vielen gedr\u00c3\u00bcckten Daumen konnte eigentlich gar nichts mehr schief gehen. An dieser Stelle erstmal ein ganz herzliches Dankesch\u00c3\u00b6n an diejenigen von Euch, die in den letzten Tagen so an mich gedacht haben. Vielen vielen lieben Dank, am liebsten w\u00c3\u00bcrde ich Euch alle um\u00c3\u00a4rmeln.<\/p>\n<p>Eure M\u00c3\u00bchen haben sich gelohnt &#8211; denn heute um 10:05 Uhr bekam ich den erl\u00c3\u00b6senden Anruf. :dance:<\/p>\n<p>Ich wei\u00c3\u0178 nicht, wer von Euch sich vorstellen oder nachempfinden kann, wie es ist, wenn man wei\u00c3\u0178, dass Arbeitspl\u00c3\u00a4tze im eigenen Bereich abgebaut werden sollen. Sicher einige von Euch, denn Stellenabbau ist in diesen Zeiten ja nichts Ungew\u00c3\u00b6hnliches mehr.<\/p>\n<p>Mit diesem Bewusstsein ist eine M\u00c3\u00b6glichkeit, die H\u00c3\u00a4nde in den Schoss zu legen und die Sache auf sich zukommen zu lassen. Schlie\u00c3\u0178lich wird man selber schon nicht vor die T\u00c3\u00bcr gesetzt werden. Nicht nach knapp 25 Berufsjahren. Und so einfach geht das ja auch nicht. Stimmt <s>wohl<\/s> vielleicht. Aber ich dachte mir, so lange ich noch das Ruder in die Hand nehmen (oder es zumindest versuchen) kann, so lange werde ich Ausschau halten nach einem Job, der mir Spa\u00c3\u0178 machen k\u00c3\u00b6nnte. Immer wieder gab es im internen Netz Stellenausschreibungen. Eines Tages passte eine dieser Ausschreibungen. Und so bewarb ich mich vor ein paar wenigen Wochen in einer mir v\u00c3\u00b6llig unbekannten Abteilung &#8211; und wurde ein paar Tage sp\u00c3\u00a4ter zum Gespr\u00c3\u00a4ch eingeladen. Auf dieses sehr vielversprechende, sogenannte \u00e2\u20ac\u017eInterview\u00e2\u20ac\u009d folgte ein zweites in der vergangenen Woche. Und Anfang dieser Woche fand ich mich auf einem zweit\u00c3\u00a4gigen Workshop wieder &#8211; als <u>potentielle<\/u> neue Mitarbeiterin.<\/p>\n<p>Und heute dann &#8211; ja, heute bekam ich nun den Anruf, dass ich den Job bekommen habe.<\/p>\n<p style=\"text-align: center;\">I-C-H<\/p>\n<p>Neben mir gab`s noch ein paar andere Bewerber &#8211; und ich habe den Job. :sing: Und ich freue mich so. Meine Tage in meiner jetzigen Abteilung (in der ich mich \u00c3\u00bcbrigens sehr wohl gef\u00c3\u00bchlt habe) sind gez\u00c3\u00a4hlt. Mitte April werden viele viele neue, interessante, spannende Dinge auf mich zu kommen. Neue Aufgaben, neue Herausforderungen. Ich bin stolz auf mich und werde jetzt ganz entspannt am Sonntag zum Skifahren gehen.<\/p>\n<p><\/p>\n<p style=\"text-align: center;\"><img loading=\"lazy\" decoding=\"async\" src=\"http:\/\/terragina.de\/blog\/wp-content\/uploads\/2012\/03\/sektglaeser.jpg\" width=\"460\" height=\"460\" alt=\"sektglaeser.jpg\" \/><\/p>\n<p style=\"text-align: center;\"><\/p>\n<p style=\"text-align: center;\">Wenn dann in K\u00c3\u00bcrze meine Freundin da ist, dann gibt`s Sektchen\u00e2\u20ac\u00a6.<\/p>\n","protected":false},"excerpt":{"rendered":"<p>Bei so vielen gedr\u00c3\u00bcckten Daumen konnte eigentlich gar nichts mehr schief gehen. An dieser Stelle erstmal ein ganz herzliches Dankesch\u00c3\u00b6n an diejenigen von Euch, die in den letzten Tagen so an mich gedacht haben. Vielen vielen lieben Dank, am liebsten w\u00c3\u00bcrde ich Euch alle um\u00c3\u00a4rmeln. Eure M\u00c3\u00bchen haben sich gelohnt &#8211; denn heute um 10:05 Uhr bekam ich den erl\u00c3\u00b6senden Anruf. :dance: Ich wei\u00c3\u0178 nicht, wer von Euch sich vorstellen oder nachempfinden kann, wie es ist, wenn man wei\u00c3\u0178, dass Arbeitspl\u00c3\u00a4tze im eigenen Bereich abgebaut werden sollen. Sicher einige von Euch, denn Stellenabbau ist in diesen Zeiten ja nichts Ungew\u00c3\u00b6hnliches mehr. Mit diesem Bewusstsein ist eine M\u00c3\u00b6glichkeit, die H\u00c3\u00a4nde in den Schoss zu legen und die Sache auf sich zukommen zu lassen. Schlie\u00c3\u0178lich wird man selber schon nicht vor die T\u00c3\u00bcr gesetzt werden. Nicht nach knapp 25 Berufsjahren. Und so einfach geht das ja auch nicht. Stimmt wohl vielleicht. Aber ich dachte mir, so lange ich noch das Ruder in die Hand nehmen (oder es zumindest versuchen) kann, so lange werde ich Ausschau halten nach &hellip;<\/p>\n","protected":false},"author":1,"featured_media":0,"comment_status":"open","ping_status":"open","sticky":false,"template":"","format":"standard","meta":{"_jetpack_newsletter_access":"","_jetpack_dont_email_post_to_subs":false,"_jetpack_newsletter_tier_id":0,"_jetpack_memberships_contains_paywalled_content":false,"_jetpack_memberships_contains_paid_content":false,"footnotes":""},"categories":[114],"tags":[973],"class_list":["post-9512","post","type-post","status-publish","format-standard","hentry","category-plauderecke","tag-plauderecke"],"jetpack_sharing_enabled":true,"jetpack_shortlink":"https:\/\/wp.me\/pq7aY-2tq","jetpack_likes_enabled":true,"jetpack-related-posts":[],"jetpack_featured_media_url":"","_links":{"self":[{"href":"https:\/\/terragina.de\/blog\/wp-json\/wp\/v2\/posts\/9512","targetHints":{"allow":["GET"]}}],"collection":[{"href":"https:\/\/terragina.de\/blog\/wp-json\/wp\/v2\/posts"}],"about":[{"href":"https:\/\/terragina.de\/blog\/wp-json\/wp\/v2\/types\/post"}],"author":[{"embeddable":true,"href":"https:\/\/terragina.de\/blog\/wp-json\/wp\/v2\/users\/1"}],"replies":[{"embeddable":true,"href":"https:\/\/terragina.de\/blog\/wp-json\/wp\/v2\/comments?post=9512"}],"version-history":[{"count":0,"href":"https:\/\/terragina.de\/blog\/wp-json\/wp\/v2\/posts\/9512\/revisions"}],"wp:attachment":[{"href":"https:\/\/terragina.de\/blog\/wp-json\/wp\/v2\/media?parent=9512"}],"wp:term":[{"taxonomy":"category","embeddable":true,"href":"https:\/\/terragina.de\/blog\/wp-json\/wp\/v2\/categories?post=9512"},{"taxonomy":"post_tag","embeddable":true,"href":"https:\/\/terragina.de\/blog\/wp-json\/wp\/v2\/tags?post=9512"}],"curies":[{"name":"wp","href":"https:\/\/api.w.org\/{rel}","templated":true}]}}