{"id":9527,"date":"2012-03-17T09:53:55","date_gmt":"2012-03-17T08:53:55","guid":{"rendered":"http:\/\/terragina.de\/blog\/?p=9527"},"modified":"2012-03-17T09:53:56","modified_gmt":"2012-03-17T08:53:56","slug":"plananderung","status":"publish","type":"post","link":"https:\/\/terragina.de\/blog\/2012\/03\/17\/plananderung\/","title":{"rendered":"Plan\u00c3\u00a4nderung"},"content":{"rendered":"<p style=\"text-align: center;\"><img loading=\"lazy\" decoding=\"async\" src=\"http:\/\/terragina.de\/blog\/wp-content\/uploads\/2012\/03\/skiurlaub.jpg\" width=\"460\" height=\"460\" alt=\"skiurlaub.jpg\" \/><\/p>\n<p><\/p>\n<p>Eigentlich sollte es morgen in aller Herrgottsfr\u00c3\u00bche los gehen &#8211; um 2 Uhr nachts sollte der Wecker klingeln. :oh: Mein Hobbykoch ist aber leider so gar kein Fr\u00c3\u00bchaufsteher und so entschied er gestern Abend \u00c3\u00bcber meinen Kopf hinweg, dass wir doch auf gut halber Strecke auch eine \u00c3\u0153bernachtung einlegen und h\u00c3\u00bcbsch essen gehen k\u00c3\u00b6nnten. So als Urlaubs-Auftakt.<\/p>\n<p>Also werden wir wohl heute nachmittag zwischen 16 und 17 Uhr das Auto beladen und in Richtung Ulm aufbrechen. Mir gef\u00c3\u00a4llt diese Idee auch sehr gut. So mu\u00c3\u0178 ich mir nicht noch l\u00c3\u00a4nger den Kopf zerbrechen, welche Dampfen und welches Liquid ich jetzt einpacken soll. Kaum zu glauben &#8211; fr\u00c3\u00bcher habe ich einfach ein paar Schachteln Ziggis in die Tasche geworfen &#8211; jetzt mu\u00c3\u0178 das Ganze schon ein wenig geplant werden, schlie\u00c3\u0178lich will ich ja auch nicht r\u00c3\u00bcckf\u00c3\u00a4llig werden und mir auf gar keinen Fall irgendwo Fluppen kaufen. <em>F\u00c3\u00bcr mich: Morgen bin ich exakt zwei Monate rauchfrei.<\/em> :yes1:<\/p>\n<div style=\"text-align: center;\">\n  <img loading=\"lazy\" decoding=\"async\" src=\"http:\/\/terragina.de\/blog\/wp-content\/uploads\/2012\/03\/wetter_montafon.jpg\" width=\"460\" height=\"337\" alt=\"wetter_montafon.jpg\" \/>\n<\/div>\n<p><\/p>\n<p>Abgesehen vom Montag schaut das doch ganz gut aus (also zumindest oben auf den Bergen) und frieren werden wir sicher auch nicht. Noch nie waren wir so sp\u00c3\u00a4t beim Skifahren &#8211; unsere Urlaube lagen bislang immer in den Weihnachts- bzw. Winterferien, die ja in Hessen immer einw\u00c3\u00b6chig an die Weihnachtszeit angeh\u00c3\u00a4ngt werden. Sowas wie Faschings- oder Skiferien gibt es bei uns nicht.<\/p>\n<p>Zu finden sein werden wir genau <a href=\"http:\/\/www.explorer-hotel.com\/montafon\/\" title=\"Explorer-Hotel Montafon\">hier<\/a>. Also wohl eher weniger genau dort &#8211; aber in der n\u00c3\u00a4heren Umgebung. :dance: Und da wir WLAN im Haus haben, werde ich sicher mal das ein oder andere Bild schnell auf meinen Blog hoch laden. <em>Ob das nun ein Versprechen oder eine Drohung ist, liegt im Auge des Betrachters.<\/em><\/p>\n<p>Die Miezekatzen werden \u00c3\u00bcbrigens w\u00c3\u00a4hrend unserer Abwesenheit bestens geh\u00c3\u00bctet &#8211; sie m\u00c3\u00bcssen nicht alleine sein. :winke:<\/p>\n","protected":false},"excerpt":{"rendered":"<p>Eigentlich sollte es morgen in aller Herrgottsfr\u00c3\u00bche los gehen &#8211; um 2 Uhr nachts sollte der Wecker klingeln. :oh: Mein Hobbykoch ist aber leider so gar kein Fr\u00c3\u00bchaufsteher und so entschied er gestern Abend \u00c3\u00bcber meinen Kopf hinweg, dass wir doch auf gut halber Strecke auch eine \u00c3\u0153bernachtung einlegen und h\u00c3\u00bcbsch essen gehen k\u00c3\u00b6nnten. So als Urlaubs-Auftakt. Also werden wir wohl heute nachmittag zwischen 16 und 17 Uhr das Auto beladen und in Richtung Ulm aufbrechen. Mir gef\u00c3\u00a4llt diese Idee auch sehr gut. So mu\u00c3\u0178 ich mir nicht noch l\u00c3\u00a4nger den Kopf zerbrechen, welche Dampfen und welches Liquid ich jetzt einpacken soll. Kaum zu glauben &#8211; fr\u00c3\u00bcher habe ich einfach ein paar Schachteln Ziggis in die Tasche geworfen &#8211; jetzt mu\u00c3\u0178 das Ganze schon ein wenig geplant werden, schlie\u00c3\u0178lich will ich ja auch nicht r\u00c3\u00bcckf\u00c3\u00a4llig werden und mir auf gar keinen Fall irgendwo Fluppen kaufen. F\u00c3\u00bcr mich: Morgen bin ich exakt zwei Monate rauchfrei. :yes1: Abgesehen vom Montag schaut das doch ganz gut aus (also zumindest oben auf den Bergen) und frieren werden wir sicher &hellip;<\/p>\n","protected":false},"author":1,"featured_media":0,"comment_status":"open","ping_status":"open","sticky":false,"template":"","format":"standard","meta":{"_jetpack_newsletter_access":"","_jetpack_dont_email_post_to_subs":false,"_jetpack_newsletter_tier_id":0,"_jetpack_memberships_contains_paywalled_content":false,"_jetpack_memberships_contains_paid_content":false,"footnotes":""},"categories":[114],"tags":[973],"class_list":["post-9527","post","type-post","status-publish","format-standard","hentry","category-plauderecke","tag-plauderecke"],"jetpack_sharing_enabled":true,"jetpack_shortlink":"https:\/\/wp.me\/pq7aY-2tF","jetpack_likes_enabled":true,"jetpack-related-posts":[],"jetpack_featured_media_url":"","_links":{"self":[{"href":"https:\/\/terragina.de\/blog\/wp-json\/wp\/v2\/posts\/9527","targetHints":{"allow":["GET"]}}],"collection":[{"href":"https:\/\/terragina.de\/blog\/wp-json\/wp\/v2\/posts"}],"about":[{"href":"https:\/\/terragina.de\/blog\/wp-json\/wp\/v2\/types\/post"}],"author":[{"embeddable":true,"href":"https:\/\/terragina.de\/blog\/wp-json\/wp\/v2\/users\/1"}],"replies":[{"embeddable":true,"href":"https:\/\/terragina.de\/blog\/wp-json\/wp\/v2\/comments?post=9527"}],"version-history":[{"count":0,"href":"https:\/\/terragina.de\/blog\/wp-json\/wp\/v2\/posts\/9527\/revisions"}],"wp:attachment":[{"href":"https:\/\/terragina.de\/blog\/wp-json\/wp\/v2\/media?parent=9527"}],"wp:term":[{"taxonomy":"category","embeddable":true,"href":"https:\/\/terragina.de\/blog\/wp-json\/wp\/v2\/categories?post=9527"},{"taxonomy":"post_tag","embeddable":true,"href":"https:\/\/terragina.de\/blog\/wp-json\/wp\/v2\/tags?post=9527"}],"curies":[{"name":"wp","href":"https:\/\/api.w.org\/{rel}","templated":true}]}}