{"id":9624,"date":"2012-04-01T16:28:53","date_gmt":"2012-04-01T14:28:53","guid":{"rendered":"http:\/\/terragina.de\/blog\/?p=9624"},"modified":"2012-04-01T16:33:54","modified_gmt":"2012-04-01T14:33:54","slug":"my-weekly-pics-132012","status":"publish","type":"post","link":"https:\/\/terragina.de\/blog\/2012\/04\/01\/my-weekly-pics-132012\/","title":{"rendered":"My Weekly Pics 13\/2012"},"content":{"rendered":"<p style=\"text-align: center;\"><a href=\"http:\/\/terragina.de\/blog\/wp-content\/uploads\/2012\/04\/my_weekly_pics_132012.jpg\" rel=\"lightbox[9624]\"><img loading=\"lazy\" decoding=\"async\" src=\"http:\/\/terragina.de\/blog\/wp-content\/uploads\/2012\/04\/my_weekly_pics_132012-tm.jpg\" width=\"460\" height=\"452\" alt=\"My Weekly Pics 13\/2012\" \/><\/a><\/p>\n<p><\/p>\n<p>Ein sehr sch\u00c3\u00b6ner, aber kalter Sonntag &#8211; der 1. April 2012. Und schon wieder ist eine Woche rum.<\/p>\n<p>Mir bleiben jetzt nur noch 7 Arbeitstage in meiner alten Arbeitsgruppe. So langsam werde ich leicht nerv\u00c3\u00b6s. Aber: Es ist ein gutes Gef\u00c3\u00bchl, alles unter \u00e2\u20ac\u017eDach und Fach\u00e2\u20ac\u009d zu wissen, auch wenn ich noch nicht wirklich wei\u00c3\u0178, was mich dann erwartet.<\/p>\n<p>Aber kommen wir zum R\u00c3\u00bcckblick auf die letzte Woche, die sehr ereignisreich f\u00c3\u00bcr mich und meine Familie war. Nicht alles ist blog-tauglich, aber ich erz\u00c3\u00a4hle ein wenig stichpunktartig, was ich diese Woche erlebt habe. Regelm\u00c3\u00a4ssige LeserInnen meines Blogs kennen das ja schon von mir\u00e2\u20ac\u00a6 ;)<\/p>\n<ul>\n<li>Montag und Mittwoch Fitnesstraining und Yoga. Leider kamen beim Yoga diese bl\u00c3\u00b6den Schmerzen im Rippenbogen wieder zur\u00c3\u00bcck. :( Nicht so schlimm dieses mal, aber eben \u00e2\u20ac\u017eeinfach da\u00e2\u20ac\u009d und ziemlich nervig.<\/li>\n<li>Erste Ausmist- und Sortier-Aktionen im B\u00c3\u00bcro.<\/li>\n<li>Besuch von meiner lieben Freundin Beate am Freitag. Vor lauter Quatschen und Fr\u00c3\u00bchst\u00c3\u00bcck kamen wir gar nicht dazu, meine neuen Dampf-Liquids zu testen\u00e2\u20ac\u00a6 naja &#8211; n\u00c3\u00a4chstes Mal dann wieder.<\/li>\n<li>Die <s>e-Rauchen-<\/s> Dampf-Utensilien haben sich wieder ein wenig vermehrt und ausserdem hat ein schickes Beschriftungsger\u00c3\u00a4t in unserem Haus Einzug erhalten. Mein selbst gemischtes Zeug (und auch so allerlei anderes im Haus) soll doch schick und auch langfristiger beschriftet werden k\u00c3\u00b6nnen. :)<\/li>\n<li>Samstag bei ganzt\u00c3\u00a4gigem Nieselregen einfach nur relaxen und ein wenig Haushalt. Der Hobbykoch hat mir die Sommerrreifen montiert &#8211; danke sch\u00c3\u00b6n. :hearts:<\/li>\n<li>Heute vormittag ein Besuch im Bowling-Center mit der ganzen Familie. Sehr sch\u00c3\u00b6n war`s und eine Runde (von zweien) habe ich auch gewonnen. Die andere die Teenagerin &#8211; Frauenpower halt. *lol*<\/li>\n<\/ul>\n<p>Das war\u00c2\u00b4s von mir f\u00c3\u00bcr heute &#8211; leider blieb aufgrund von Haushalt und anderen Dingen heute keine Zeit f\u00c3\u00bcr`s Sonntagss\u00c3\u00bc\u00c3\u0178 &#8211; ich hoffe, ich kann n\u00c3\u00a4chste Woche wieder dabei sein.<\/p>\n<p style=\"text-align: center;\">:winke:<\/p>\n<p><\/p>\n","protected":false},"excerpt":{"rendered":"<p>Ein sehr sch\u00c3\u00b6ner, aber kalter Sonntag &#8211; der 1. April 2012. Und schon wieder ist eine Woche rum. Mir bleiben jetzt nur noch 7 Arbeitstage in meiner alten Arbeitsgruppe. So langsam werde ich leicht nerv\u00c3\u00b6s. Aber: Es ist ein gutes Gef\u00c3\u00bchl, alles unter \u00e2\u20ac\u017eDach und Fach\u00e2\u20ac\u009d zu wissen, auch wenn ich noch nicht wirklich wei\u00c3\u0178, was mich dann erwartet. Aber kommen wir zum R\u00c3\u00bcckblick auf die letzte Woche, die sehr ereignisreich f\u00c3\u00bcr mich und meine Familie war. Nicht alles ist blog-tauglich, aber ich erz\u00c3\u00a4hle ein wenig stichpunktartig, was ich diese Woche erlebt habe. Regelm\u00c3\u00a4ssige LeserInnen meines Blogs kennen das ja schon von mir\u00e2\u20ac\u00a6 ;) Montag und Mittwoch Fitnesstraining und Yoga. Leider kamen beim Yoga diese bl\u00c3\u00b6den Schmerzen im Rippenbogen wieder zur\u00c3\u00bcck. :( Nicht so schlimm dieses mal, aber eben \u00e2\u20ac\u017eeinfach da\u00e2\u20ac\u009d und ziemlich nervig. Erste Ausmist- und Sortier-Aktionen im B\u00c3\u00bcro. Besuch von meiner lieben Freundin Beate am Freitag. Vor lauter Quatschen und Fr\u00c3\u00bchst\u00c3\u00bcck kamen wir gar nicht dazu, meine neuen Dampf-Liquids zu testen\u00e2\u20ac\u00a6 naja &#8211; n\u00c3\u00a4chstes Mal dann wieder. Die e-Rauchen- Dampf-Utensilien haben sich wieder &hellip;<\/p>\n","protected":false},"author":1,"featured_media":0,"comment_status":"open","ping_status":"open","sticky":false,"template":"","format":"standard","meta":{"_jetpack_newsletter_access":"","_jetpack_dont_email_post_to_subs":false,"_jetpack_newsletter_tier_id":0,"_jetpack_memberships_contains_paywalled_content":false,"_jetpack_memberships_contains_paid_content":false,"footnotes":""},"categories":[2],"tags":[421,957,422],"class_list":["post-9624","post","type-post","status-publish","format-standard","hentry","category-foto","tag-fotoalbum","tag-foto","tag-fotos"],"jetpack_sharing_enabled":true,"jetpack_shortlink":"https:\/\/wp.me\/pq7aY-2ve","jetpack_likes_enabled":true,"jetpack-related-posts":[],"jetpack_featured_media_url":"","_links":{"self":[{"href":"https:\/\/terragina.de\/blog\/wp-json\/wp\/v2\/posts\/9624","targetHints":{"allow":["GET"]}}],"collection":[{"href":"https:\/\/terragina.de\/blog\/wp-json\/wp\/v2\/posts"}],"about":[{"href":"https:\/\/terragina.de\/blog\/wp-json\/wp\/v2\/types\/post"}],"author":[{"embeddable":true,"href":"https:\/\/terragina.de\/blog\/wp-json\/wp\/v2\/users\/1"}],"replies":[{"embeddable":true,"href":"https:\/\/terragina.de\/blog\/wp-json\/wp\/v2\/comments?post=9624"}],"version-history":[{"count":0,"href":"https:\/\/terragina.de\/blog\/wp-json\/wp\/v2\/posts\/9624\/revisions"}],"wp:attachment":[{"href":"https:\/\/terragina.de\/blog\/wp-json\/wp\/v2\/media?parent=9624"}],"wp:term":[{"taxonomy":"category","embeddable":true,"href":"https:\/\/terragina.de\/blog\/wp-json\/wp\/v2\/categories?post=9624"},{"taxonomy":"post_tag","embeddable":true,"href":"https:\/\/terragina.de\/blog\/wp-json\/wp\/v2\/tags?post=9624"}],"curies":[{"name":"wp","href":"https:\/\/api.w.org\/{rel}","templated":true}]}}