{"id":9721,"date":"2012-04-22T14:24:03","date_gmt":"2012-04-22T12:24:03","guid":{"rendered":"http:\/\/terragina.de\/blog\/?p=9721"},"modified":"2012-04-22T14:43:40","modified_gmt":"2012-04-22T12:43:40","slug":"my-weekly-pics-162012","status":"publish","type":"post","link":"https:\/\/terragina.de\/blog\/2012\/04\/22\/my-weekly-pics-162012\/","title":{"rendered":"My Weekly Pics 16\/2012"},"content":{"rendered":"<p style=\"text-align: center;\"><a href=\"http:\/\/terragina.de\/blog\/wp-content\/uploads\/2012\/04\/my_weekly_pics_162012.jpg\" rel=\"lightbox[9721]\"><img loading=\"lazy\" decoding=\"async\" src=\"http:\/\/terragina.de\/blog\/wp-content\/uploads\/2012\/04\/my_weekly_pics_162012-tm.jpg\" width=\"460\" height=\"452\" alt=\"My Weekly Pics 16\/2012\" \/><\/a><\/p>\n<p><\/p>\n<p>Schon das 16. Foto in 2012 &#8211; unglaublich, wie die Zeit rennt. Ich habe die erste Woche in meiner neuen Abteilung hinter mir und alles ist ganz gut angelaufen &#8211; ich bin zufrieden. :yes1:<\/p>\n<p><\/p>\n<p>Wie immer ein kleiner R\u00c3\u00bcckblick auf Terraginas Woche:<\/p>\n<p><strong>Montag:<\/strong> Umzug mit 2 Umzugskisten, 2 Pflanzen und meinem Computer. Sch\u00c3\u00b6n, dass mir eine &#8211; jetzt ehemalige &#8211; Kollegin so nett geholfen hat.<\/p>\n<p><strong>Dienstag:<\/strong> \u00e2\u20ac\u017eWir-fotografieren-unseren-Schreibtisch\u00e2\u20ac\u009d-Session in unserer kleinen Facebookgruppe.<\/p>\n<p><strong>Mittwoch:<\/strong> Es gibt noch vieles Neues in der neuen Abtlg. zu entdecken und die Einarbeitung wird noch einige Zeit in Anspruch nehmen.<\/p>\n<p><strong>Donnerstag:<\/strong> \u00e2\u20ac\u017eFreundinnen-Sektchen\u00e2\u20ac\u009d zur Feier ihres Geburtstags.<\/p>\n<p><strong>Freitag:<\/strong> Besuch beim meiner lieben Beate &#8211; die N\u00c3\u00a4gelchen hatten`s mal wieder n\u00c3\u00b6tig. Und ein wenig Quatschen m\u00c3\u00bcssen wir ja immer. :)<\/p>\n<p><strong>Samstag:<\/strong> Ein wenig Haushalt, ein wenig kochen &#8211; ein wenig dies und das.<\/p>\n<p><strong>Sonntag:<\/strong> Vorstellungs-Gottesdienst der Konfis &#8211; die Jugend hat das toll gemacht. 21 Konfirmandinnen und Konfirmanden\u00e2\u20ac\u00a6 ich kann mich nicht erinnern, dass die Gruppe jemals so gro\u00c3\u0178 war.<\/p>\n<p><\/p>\n<p><em>Morgen hat uns der Alltag schon wieder &#8211; ich w\u00c3\u00bcnsche all meinen lieben Leserinnen und Lesern einen guten Start in die neue Woche!<\/em><\/p>\n","protected":false},"excerpt":{"rendered":"<p>Schon das 16. Foto in 2012 &#8211; unglaublich, wie die Zeit rennt. Ich habe die erste Woche in meiner neuen Abteilung hinter mir und alles ist ganz gut angelaufen &#8211; ich bin zufrieden. :yes1: Wie immer ein kleiner R\u00c3\u00bcckblick auf Terraginas Woche: Montag: Umzug mit 2 Umzugskisten, 2 Pflanzen und meinem Computer. Sch\u00c3\u00b6n, dass mir eine &#8211; jetzt ehemalige &#8211; Kollegin so nett geholfen hat. Dienstag: \u00e2\u20ac\u017eWir-fotografieren-unseren-Schreibtisch\u00e2\u20ac\u009d-Session in unserer kleinen Facebookgruppe. Mittwoch: Es gibt noch vieles Neues in der neuen Abtlg. zu entdecken und die Einarbeitung wird noch einige Zeit in Anspruch nehmen. Donnerstag: \u00e2\u20ac\u017eFreundinnen-Sektchen\u00e2\u20ac\u009d zur Feier ihres Geburtstags. Freitag: Besuch beim meiner lieben Beate &#8211; die N\u00c3\u00a4gelchen hatten`s mal wieder n\u00c3\u00b6tig. Und ein wenig Quatschen m\u00c3\u00bcssen wir ja immer. :) Samstag: Ein wenig Haushalt, ein wenig kochen &#8211; ein wenig dies und das. Sonntag: Vorstellungs-Gottesdienst der Konfis &#8211; die Jugend hat das toll gemacht. 21 Konfirmandinnen und Konfirmanden\u00e2\u20ac\u00a6 ich kann mich nicht erinnern, dass die Gruppe jemals so gro\u00c3\u0178 war. Morgen hat uns der Alltag schon wieder &#8211; ich w\u00c3\u00bcnsche all meinen lieben Leserinnen &hellip;<\/p>\n","protected":false},"author":1,"featured_media":0,"comment_status":"open","ping_status":"open","sticky":false,"template":"","format":"standard","meta":{"_jetpack_newsletter_access":"","_jetpack_dont_email_post_to_subs":false,"_jetpack_newsletter_tier_id":0,"_jetpack_memberships_contains_paywalled_content":false,"_jetpack_memberships_contains_paid_content":false,"footnotes":""},"categories":[2],"tags":[421,957,422],"class_list":["post-9721","post","type-post","status-publish","format-standard","hentry","category-foto","tag-fotoalbum","tag-foto","tag-fotos"],"jetpack_sharing_enabled":true,"jetpack_shortlink":"https:\/\/wp.me\/pq7aY-2wN","jetpack_likes_enabled":true,"jetpack-related-posts":[],"jetpack_featured_media_url":"","_links":{"self":[{"href":"https:\/\/terragina.de\/blog\/wp-json\/wp\/v2\/posts\/9721","targetHints":{"allow":["GET"]}}],"collection":[{"href":"https:\/\/terragina.de\/blog\/wp-json\/wp\/v2\/posts"}],"about":[{"href":"https:\/\/terragina.de\/blog\/wp-json\/wp\/v2\/types\/post"}],"author":[{"embeddable":true,"href":"https:\/\/terragina.de\/blog\/wp-json\/wp\/v2\/users\/1"}],"replies":[{"embeddable":true,"href":"https:\/\/terragina.de\/blog\/wp-json\/wp\/v2\/comments?post=9721"}],"version-history":[{"count":0,"href":"https:\/\/terragina.de\/blog\/wp-json\/wp\/v2\/posts\/9721\/revisions"}],"wp:attachment":[{"href":"https:\/\/terragina.de\/blog\/wp-json\/wp\/v2\/media?parent=9721"}],"wp:term":[{"taxonomy":"category","embeddable":true,"href":"https:\/\/terragina.de\/blog\/wp-json\/wp\/v2\/categories?post=9721"},{"taxonomy":"post_tag","embeddable":true,"href":"https:\/\/terragina.de\/blog\/wp-json\/wp\/v2\/tags?post=9721"}],"curies":[{"name":"wp","href":"https:\/\/api.w.org\/{rel}","templated":true}]}}