{"id":9763,"date":"2012-04-30T15:10:08","date_gmt":"2012-04-30T13:10:08","guid":{"rendered":"http:\/\/terragina.de\/blog\/?p=9763"},"modified":"2012-04-30T16:13:21","modified_gmt":"2012-04-30T14:13:21","slug":"montags-starter-59","status":"publish","type":"post","link":"https:\/\/terragina.de\/blog\/2012\/04\/30\/montags-starter-59\/","title":{"rendered":"Montags-Starter #59"},"content":{"rendered":"<p>Ist das ein ruhiger und entspannter Montag heute. In der Firma waren gef\u00c3\u00bchlte 10% der Leute anwesend, die sonst in dem Geb\u00c3\u00a4ude arbeiten. Mein B\u00c3\u00bcro war allerdings gut besetzt. ;) Auch im Fitness-Studio war es heute angenehm ruhig. Mich w\u00c3\u00bcrde ja schon mal interessieren, wie viele Menschen an so einem Br\u00c3\u00bcckentag wie heute frei haben.<\/p>\n<p>Nun bin ich zu Hause, die Sonne strahlt bei 24 Grad vom Himmel und ich widme mich schnell mal Martins <a href=\"http:\/\/www.dieblogbar.de\/?p=4194\" title=\"Montags-Starter vom 30. April 2012 bei Martin\">Montags-Starter<\/a>, ehe ich meine eMails checken gehe:<\/p>\n<p>1. Herzhaft und s\u00c3\u00bc\u00c3\u0178 &#8211; <strong>und das immer im Wechsel.<\/strong><\/p>\n<p>2. <strong>Ich werde verr\u00c3\u00bcckt,<\/strong> wenn ich am kommenden Donnerstag nicht sch\u00c3\u00b6ne Klamotten f\u00c3\u00bcr die Konfirmation finde.<\/p>\n<p>3. Gar nichts <strong>brachte mir eine schlaflose Nacht.<\/strong> <em>Ich schlafe in der Regel wie ein Murmeltier.<\/em> :)<\/p>\n<p>4. <strong>Es bl\u00c3\u00bcht<\/strong> \u00c3\u00bcberall wundersch\u00c3\u00b6n <strong>und<\/strong> bei mir im Garten gibt`s noch gar nicht viel zu sehen. Aber das wird sich in den n\u00c3\u00a4chsten Tagen definitiv \u00c3\u00a4ndern!<\/p>\n<p>5. <strong>Meine Lieblingsserie im TV ist:<\/strong> Auf und davon? Der letzte Bulle? Alarm f\u00c3\u00bcr Cobra 11? Ganz schwierige Frage, denn ich schaue gar nicht so viel TV. :(<\/p>\n<p>6. Mein Wei\u00c3\u0178er Milka-Osterhase, der hier noch auf dem Highboard steht, <strong>ist lila\/violett.<\/strong><\/p>\n<p>7. <strong>Ein Kaffee<\/strong> w\u00c3\u00a4re jetzt eine feine Sache. Ich werde gleich mal in die K\u00c3\u00bcche gehen\u00e2\u20ac\u00a6<\/p>\n<p>8. <strong>F\u00c3\u00bcr diese Woche steht einiges auf dem Plan, so zum Beispiel<\/strong> ein Trip ins hiesige Gartencenter zum Pflanzen-Shopping<strong>, aber auch<\/strong> die letzten Planungen f\u00c3\u00bcr die Konfirmation <strong>und<\/strong> deren zeitnahe Umsetzung.<\/p>\n<p>Martins Vorgaben in Fettschrift, meine Erg\u00c3\u00a4nzungen in \u00e2\u20ac\u017enormal\u00e2\u20ac\u009d.<\/p>\n<p>Und da ich ja sehr gerne auch Fotos blogge, habe ich heute ein Bildchen mitgebracht, was ich vorhin auf dem Nachhauseweg schnell noch in der Firma geknipst habe. In unmittelbarer N\u00c3\u00a4he meines neuen Arbeitsplatzes:<\/p>\n<div style=\"text-align: center;\">\n  <img loading=\"lazy\" decoding=\"async\" src=\"http:\/\/terragina.de\/blog\/wp-content\/uploads\/2012\/04\/arbeitsplatz_outdoor.jpg\" width=\"460\" height=\"460\" alt=\"arbeitsplatz_outdoor.jpg\" \/>\n<\/div>\n<p><\/p>\n<p style=\"text-align: center;\"><em>Ich w\u00c3\u00bcnsche all meinen Leserinnen und Lesern einen guten Start in den Mai!<\/em><\/p>\n<p style=\"text-align: center;\"><em>Tanzt Ihr hinein?<\/em><\/p>\n","protected":false},"excerpt":{"rendered":"<p>Ist das ein ruhiger und entspannter Montag heute. In der Firma waren gef\u00c3\u00bchlte 10% der Leute anwesend, die sonst in dem Geb\u00c3\u00a4ude arbeiten. Mein B\u00c3\u00bcro war allerdings gut besetzt. ;) Auch im Fitness-Studio war es heute angenehm ruhig. Mich w\u00c3\u00bcrde ja schon mal interessieren, wie viele Menschen an so einem Br\u00c3\u00bcckentag wie heute frei haben. Nun bin ich zu Hause, die Sonne strahlt bei 24 Grad vom Himmel und ich widme mich schnell mal Martins Montags-Starter, ehe ich meine eMails checken gehe: 1. Herzhaft und s\u00c3\u00bc\u00c3\u0178 &#8211; und das immer im Wechsel. 2. Ich werde verr\u00c3\u00bcckt, wenn ich am kommenden Donnerstag nicht sch\u00c3\u00b6ne Klamotten f\u00c3\u00bcr die Konfirmation finde. 3. Gar nichts brachte mir eine schlaflose Nacht. Ich schlafe in der Regel wie ein Murmeltier. :) 4. Es bl\u00c3\u00bcht \u00c3\u00bcberall wundersch\u00c3\u00b6n und bei mir im Garten gibt`s noch gar nicht viel zu sehen. Aber das wird sich in den n\u00c3\u00a4chsten Tagen definitiv \u00c3\u00a4ndern! 5. Meine Lieblingsserie im TV ist: Auf und davon? Der letzte Bulle? Alarm f\u00c3\u00bcr Cobra 11? Ganz schwierige Frage, denn ich schaue gar &hellip;<\/p>\n","protected":false},"author":1,"featured_media":0,"comment_status":"open","ping_status":"open","sticky":false,"template":"","format":"standard","meta":{"_jetpack_newsletter_access":"","_jetpack_dont_email_post_to_subs":false,"_jetpack_newsletter_tier_id":0,"_jetpack_memberships_contains_paywalled_content":false,"_jetpack_memberships_contains_paid_content":false,"footnotes":""},"categories":[114,94],"tags":[973,969],"class_list":["post-9763","post","type-post","status-publish","format-standard","hentry","category-plauderecke","category-stoeckchen","tag-plauderecke","tag-stoeckchen"],"jetpack_sharing_enabled":true,"jetpack_shortlink":"https:\/\/wp.me\/pq7aY-2xt","jetpack_likes_enabled":true,"jetpack-related-posts":[],"jetpack_featured_media_url":"","_links":{"self":[{"href":"https:\/\/terragina.de\/blog\/wp-json\/wp\/v2\/posts\/9763","targetHints":{"allow":["GET"]}}],"collection":[{"href":"https:\/\/terragina.de\/blog\/wp-json\/wp\/v2\/posts"}],"about":[{"href":"https:\/\/terragina.de\/blog\/wp-json\/wp\/v2\/types\/post"}],"author":[{"embeddable":true,"href":"https:\/\/terragina.de\/blog\/wp-json\/wp\/v2\/users\/1"}],"replies":[{"embeddable":true,"href":"https:\/\/terragina.de\/blog\/wp-json\/wp\/v2\/comments?post=9763"}],"version-history":[{"count":0,"href":"https:\/\/terragina.de\/blog\/wp-json\/wp\/v2\/posts\/9763\/revisions"}],"wp:attachment":[{"href":"https:\/\/terragina.de\/blog\/wp-json\/wp\/v2\/media?parent=9763"}],"wp:term":[{"taxonomy":"category","embeddable":true,"href":"https:\/\/terragina.de\/blog\/wp-json\/wp\/v2\/categories?post=9763"},{"taxonomy":"post_tag","embeddable":true,"href":"https:\/\/terragina.de\/blog\/wp-json\/wp\/v2\/tags?post=9763"}],"curies":[{"name":"wp","href":"https:\/\/api.w.org\/{rel}","templated":true}]}}