{"id":9775,"date":"2012-05-02T15:45:23","date_gmt":"2012-05-02T13:45:23","guid":{"rendered":"http:\/\/terragina.de\/blog\/?p=9775"},"modified":"2012-05-02T15:45:24","modified_gmt":"2012-05-02T13:45:24","slug":"annelies-inside7-2","status":"publish","type":"post","link":"https:\/\/terragina.de\/blog\/2012\/05\/02\/annelies-inside7-2\/","title":{"rendered":"Annelies inside7"},"content":{"rendered":"<p><a href=\"http:\/\/nebenbeibemerkt.de\/?page=inside7.htm\" target=\"blank\"><img loading=\"lazy\" decoding=\"async\" style=\"float: right; margin-left: 10px; margin-bottom: 10px;\" title=\"inside7 von Annelie\" src=\"http:\/\/terragina.de\/blog\/wp-content\/uploads\/2011\/07\/inside7.jpg\" alt=\"Inside7 von Annelie - eigentlich immer mittwochs\" width=\"120\" height=\"120\" \/><\/a><\/p>\n<p>Schon l\u00c3\u00a4nger habe ich nicht mehr bei Annelies Inside7 mitgemacht &#8211; heute ist es mal wieder soweit. Wie habt Ihr die letzten schon richtig sommerlichen Tage verbracht? Ich habe in vielen Blogs lesen k\u00c3\u00b6nnen, dass die Grillsaison er\u00c3\u00b6ffnet wurde. Bietet sich ja auch an. :yes: Auch bei uns gab es den ersten <a href=\"http:\/\/terragina.de\/blog\/2011\/05\/07\/lecker-zum-grillen-spaghettisalat\/\" title=\"Hei\u00c3\u0178 geliebter Spaghettisalat\">Spaghettisalat<\/a> der Saison mit lecker kurz gebratenem Gefl\u00c3\u00bcgel.<\/p>\n<p>Die Woche ist kurz und die Stimmung gut &#8211; so k\u00c3\u00b6nnte es von mir aus immer sein. Also, so mit einem Feiertag in der Woche. K\u00c3\u00b6nnte man sich dran gew\u00c3\u00b6hnen, oder? Aber ein paar Feiertage liegen ja noch vor uns. :sing:<\/p>\n<p>Jetzt aber zu Annelies Vorgaben &#8211; in Fettschrift, wie das letzte Mal:<\/p>\n<p><\/p>\n<p><strong>ungeduldig<\/strong> bin ich \u00c3\u00b6fter mal, wenn es um die sch\u00c3\u00b6nen Dinge des Lebens geht.<\/p>\n<p><strong>im K\u00c3\u00bchlschrank<\/strong> k\u00c3\u00b6nnte ich mal wieder eine Grundreinigung vornehmen. Aber im Moment ist er einfach zu voll daf\u00c3\u00bcr.<\/p>\n<p><strong>im Keller<\/strong> sitzt derzeit der Hobbykoch und ist fleissig f\u00c3\u00bcr seinen Arbeitgeber. Au\u00c3\u0178erdem stapelt sich schon wieder einiges an W\u00c3\u00a4sche, die die Minna f\u00c3\u00bcr uns bew\u00c3\u00a4ltigen mu\u00c3\u0178. *soifz* Wo haben sich schon wieder meine Heinzelm\u00c3\u00a4nnchen versteckt?<\/p>\n<p><strong>Kinder<\/strong> sind die gr\u00c3\u00b6\u00c3\u0178te Bereicherung des Lebens.<\/p>\n<p><strong>D\u00c3\u00bcfte<\/strong> sind f\u00c3\u00bcr mich sehr, sehr wichtig. Ohne meine Parfums, Duftkerzen, den Duft der Blumen, leckere Ger\u00c3\u00bcche aus der K\u00c3\u00bcche w\u00c3\u00a4re das Leben doch nur halb so sch\u00c3\u00b6n!<\/p>\n<p><strong>Nudeln<\/strong> liebe ich wirklich sehr, aber zwischendurch m\u00c3\u00bcssen es unbedingt auch mal Kartoffeln oder Reis sein.<\/p>\n<p><strong>Urlaub auf Balkonien<\/strong> kann auch sehr erholsam sein. Man mu\u00c3\u0178 es sich nur sch\u00c3\u00b6n machen. Ich bin super gerne mit meiner Familie zu Hause und genie\u00c3\u0178e freie Zeit. Nicht zuletzt auch wegen der Fellnasen zieht es uns nicht so in die Ferne.<\/p>\n<p><\/p>\n<div style=\"text-align: center;\">\n  <br \/>\n  <img loading=\"lazy\" decoding=\"async\" src=\"http:\/\/terragina.de\/blog\/wp-content\/uploads\/2012\/05\/nala_20120501.jpg\" width=\"460\" height=\"460\" alt=\"nala_20120501.jpg\" \/>\n<\/div>\n<p style=\"text-align: center;\"><em>Wie &#8211; fast &#8211; immer ein Foto. Gestern geknipst!<\/em><\/p>\n<p><\/p>\n","protected":false},"excerpt":{"rendered":"<p>Schon l\u00c3\u00a4nger habe ich nicht mehr bei Annelies Inside7 mitgemacht &#8211; heute ist es mal wieder soweit. Wie habt Ihr die letzten schon richtig sommerlichen Tage verbracht? Ich habe in vielen Blogs lesen k\u00c3\u00b6nnen, dass die Grillsaison er\u00c3\u00b6ffnet wurde. Bietet sich ja auch an. :yes: Auch bei uns gab es den ersten Spaghettisalat der Saison mit lecker kurz gebratenem Gefl\u00c3\u00bcgel. Die Woche ist kurz und die Stimmung gut &#8211; so k\u00c3\u00b6nnte es von mir aus immer sein. Also, so mit einem Feiertag in der Woche. K\u00c3\u00b6nnte man sich dran gew\u00c3\u00b6hnen, oder? Aber ein paar Feiertage liegen ja noch vor uns. :sing: Jetzt aber zu Annelies Vorgaben &#8211; in Fettschrift, wie das letzte Mal: ungeduldig bin ich \u00c3\u00b6fter mal, wenn es um die sch\u00c3\u00b6nen Dinge des Lebens geht. im K\u00c3\u00bchlschrank k\u00c3\u00b6nnte ich mal wieder eine Grundreinigung vornehmen. Aber im Moment ist er einfach zu voll daf\u00c3\u00bcr. im Keller sitzt derzeit der Hobbykoch und ist fleissig f\u00c3\u00bcr seinen Arbeitgeber. Au\u00c3\u0178erdem stapelt sich schon wieder einiges an W\u00c3\u00a4sche, die die Minna f\u00c3\u00bcr uns bew\u00c3\u00a4ltigen mu\u00c3\u0178. *soifz* Wo haben &hellip;<\/p>\n","protected":false},"author":1,"featured_media":0,"comment_status":"open","ping_status":"open","sticky":false,"template":"","format":"standard","meta":{"_jetpack_newsletter_access":"","_jetpack_dont_email_post_to_subs":false,"_jetpack_newsletter_tier_id":0,"_jetpack_memberships_contains_paywalled_content":false,"_jetpack_memberships_contains_paid_content":false,"footnotes":""},"categories":[2,94],"tags":[957,39,30,353,969],"class_list":["post-9775","post","type-post","status-publish","format-standard","hentry","category-foto","category-stoeckchen","tag-foto","tag-katzen","tag-maine-coon","tag-nala","tag-stoeckchen"],"jetpack_sharing_enabled":true,"jetpack_shortlink":"https:\/\/wp.me\/pq7aY-2xF","jetpack_likes_enabled":true,"jetpack-related-posts":[],"jetpack_featured_media_url":"","_links":{"self":[{"href":"https:\/\/terragina.de\/blog\/wp-json\/wp\/v2\/posts\/9775","targetHints":{"allow":["GET"]}}],"collection":[{"href":"https:\/\/terragina.de\/blog\/wp-json\/wp\/v2\/posts"}],"about":[{"href":"https:\/\/terragina.de\/blog\/wp-json\/wp\/v2\/types\/post"}],"author":[{"embeddable":true,"href":"https:\/\/terragina.de\/blog\/wp-json\/wp\/v2\/users\/1"}],"replies":[{"embeddable":true,"href":"https:\/\/terragina.de\/blog\/wp-json\/wp\/v2\/comments?post=9775"}],"version-history":[{"count":0,"href":"https:\/\/terragina.de\/blog\/wp-json\/wp\/v2\/posts\/9775\/revisions"}],"wp:attachment":[{"href":"https:\/\/terragina.de\/blog\/wp-json\/wp\/v2\/media?parent=9775"}],"wp:term":[{"taxonomy":"category","embeddable":true,"href":"https:\/\/terragina.de\/blog\/wp-json\/wp\/v2\/categories?post=9775"},{"taxonomy":"post_tag","embeddable":true,"href":"https:\/\/terragina.de\/blog\/wp-json\/wp\/v2\/tags?post=9775"}],"curies":[{"name":"wp","href":"https:\/\/api.w.org\/{rel}","templated":true}]}}