{"id":9808,"date":"2012-05-11T07:43:25","date_gmt":"2012-05-11T05:43:25","guid":{"rendered":"http:\/\/terragina.de\/blog\/?p=9808"},"modified":"2012-05-11T11:12:18","modified_gmt":"2012-05-11T09:12:18","slug":"freitags-fuller-163","status":"publish","type":"post","link":"https:\/\/terragina.de\/blog\/2012\/05\/11\/freitags-fuller-163\/","title":{"rendered":"Freitags-F\u00c3\u00bcller #163"},"content":{"rendered":"<p>Da bin ich kurz auf meinem Blog, um schnell den schon fast obligatorischen<\/p>\n<div style=\"text-align: center;\">\n  <a title=\"Barbara`s Scrap-Impulse mitnehmen\" href=\"http:\/\/scrap-impulse.typepad.com\/scrapimpulse\/2012\/05\/freitags-f%C3%BCller-163.html\"><img loading=\"lazy\" decoding=\"async\" src=\"http:\/\/terragina.de\/blog\/images\/freitags_fueller.jpg\" alt=\"freitags_fueller.jpg\" width=\"400\" height=\"87\" \/><\/a>\n<\/div>\n<div style=\"text-align: left;\">\n  auszuf\u00c3\u00bcllen, den Barbara uns so nett jeden Freitag wieder aufs Neue bereit stellt. Einen lieben Dank daf\u00c3\u00bcr mal wieder an dieser Stelle, liebe Barbara.\n<\/div>\n<p><\/p>\n<p>1. Anders als sonst <font color=\"#9B2641\">wird es morgen Abend in unserem Wohnzimmer aussehen, wenn die festliche Tafel gedeckt wird<\/font>.<\/p>\n<p>2. <font color=\"#9B2641\">So manche Bemerkungen sind absolut<\/font> \u00c3\u00bcberfl\u00c3\u00bcssig.<\/p>\n<p>3. Bei Gewitter <font color=\"#9B2641\">ziehe ich nicht immer gleich die Netzstecker von den Computern. Ihr?<\/font><\/p>\n<p>4. <font color=\"#9B2641\">Heute morgen kam schon dieser tolle neue Hit von Kris und Dante Thomas<\/font> im Radio.<\/p>\n<p><b><span style=\"font-weight: normal;\">5.<\/span><\/b> \u00c3\u0153brigens kann man <font color=\"#9B2641\"><a href=\"http:\/\/terragina.de\/blog\/2009\/04\/08\/fluffiger-zitronenkuchen-mit-frischkaese\/\" title=\"Ober-leckerer Zitronenkuchen\">diesen<\/a> tollen Zitronenkuchen hervorragend vorbereiten<\/font>.<\/p>\n<p>6. <font color=\"#9B2641\">Der Hobbykoch ist heute nochmal \u00e2\u20ac\u017eim Dienste der Konfirmation\u00e2\u20ac\u009d<\/font> unterwegs.<\/p>\n<p><font>7. Was das Wochenende angeht, heute Abend freue ich mich auf<\/font> <font color=\"#9B2641\">die Heimkehr der Teenagerin (aber sie wird erst mitten in der Nacht heim kommen\u00e2\u20ac\u00a623:45 Uhr kommt der Zug an)<\/font>, morgen habe ich <font color=\"#9B2641\">eine der gr\u00c3\u00b6\u00c3\u0178ten Koch- und Back-Sessions meines Lebens in unserer K\u00c3\u00bcche<\/font> geplant und Sonntag m\u00c3\u00b6chte ich <font color=\"#9B2641\">bitte auch ein wenig den Festtag von unserem Sohnemann geniessen.<\/font><\/p>\n<p>Es wird ein sehr anstrengendes, aber hoffentlich auch super-sch\u00c3\u00b6nes Wochenende! Ich freue mich drauf und hoffe, dass alles m\u00c3\u00b6glichst reibungslos klappt.<\/p>\n<p><\/p>\n<p style=\"text-align: center;\">Zum Schlu\u00c3\u0178 des F\u00c3\u00bcllers noch ein &#8211; fast obligatorisches &#8211; Foto, welches die Facebooker von Euch schon von gestern kennen\u00e2\u20ac\u00a6<\/p>\n<p style=\"text-align: center;\">(Nicht-Fussball-Fans bitte wegschauen\u00e2\u20ac\u00a6)<\/p>\n<div style=\"text-align: center;\">\n  <br \/>\n  <img loading=\"lazy\" decoding=\"async\" src=\"http:\/\/terragina.de\/blog\/wp-content\/uploads\/2012\/05\/aufstieg.jpg\" width=\"442\" height=\"598\" alt=\"aufstieg.jpg\" \/>\n<\/div>\n<div style=\"text-align: center;\">\n  \n<\/div>\n<p style=\"text-align: center;\"><font color=\"#9B2641\"><br \/><\/font><\/p>\n<p style=\"text-align: left;\"><em>Und ich mache mich jetzt bald fertig, denn in K\u00c3\u00bcrze geht`s los zu meiner lieben Nagelfee&#8230; ;)<\/em><\/p>\n<p style=\"text-align: center;\"><font color=\"#9B2641\"><br \/><\/font><\/p>\n","protected":false},"excerpt":{"rendered":"<p>Da bin ich kurz auf meinem Blog, um schnell den schon fast obligatorischen auszuf\u00c3\u00bcllen, den Barbara uns so nett jeden Freitag wieder aufs Neue bereit stellt. Einen lieben Dank daf\u00c3\u00bcr mal wieder an dieser Stelle, liebe Barbara. 1. Anders als sonst wird es morgen Abend in unserem Wohnzimmer aussehen, wenn die festliche Tafel gedeckt wird. 2. So manche Bemerkungen sind absolut \u00c3\u00bcberfl\u00c3\u00bcssig. 3. Bei Gewitter ziehe ich nicht immer gleich die Netzstecker von den Computern. Ihr? 4. Heute morgen kam schon dieser tolle neue Hit von Kris und Dante Thomas im Radio. 5. \u00c3\u0153brigens kann man diesen tollen Zitronenkuchen hervorragend vorbereiten. 6. Der Hobbykoch ist heute nochmal \u00e2\u20ac\u017eim Dienste der Konfirmation\u00e2\u20ac\u009d unterwegs. 7. Was das Wochenende angeht, heute Abend freue ich mich auf die Heimkehr der Teenagerin (aber sie wird erst mitten in der Nacht heim kommen\u00e2\u20ac\u00a623:45 Uhr kommt der Zug an), morgen habe ich eine der gr\u00c3\u00b6\u00c3\u0178ten Koch- und Back-Sessions meines Lebens in unserer K\u00c3\u00bcche geplant und Sonntag m\u00c3\u00b6chte ich bitte auch ein wenig den Festtag von unserem Sohnemann geniessen. Es wird ein sehr &hellip;<\/p>\n","protected":false},"author":1,"featured_media":0,"comment_status":"open","ping_status":"open","sticky":false,"template":"","format":"standard","meta":{"_jetpack_newsletter_access":"","_jetpack_dont_email_post_to_subs":false,"_jetpack_newsletter_tier_id":0,"_jetpack_memberships_contains_paywalled_content":false,"_jetpack_memberships_contains_paid_content":false,"footnotes":""},"categories":[114,94],"tags":[973,969],"class_list":["post-9808","post","type-post","status-publish","format-standard","hentry","category-plauderecke","category-stoeckchen","tag-plauderecke","tag-stoeckchen"],"jetpack_sharing_enabled":true,"jetpack_shortlink":"https:\/\/wp.me\/pq7aY-2yc","jetpack_likes_enabled":true,"jetpack-related-posts":[],"jetpack_featured_media_url":"","_links":{"self":[{"href":"https:\/\/terragina.de\/blog\/wp-json\/wp\/v2\/posts\/9808","targetHints":{"allow":["GET"]}}],"collection":[{"href":"https:\/\/terragina.de\/blog\/wp-json\/wp\/v2\/posts"}],"about":[{"href":"https:\/\/terragina.de\/blog\/wp-json\/wp\/v2\/types\/post"}],"author":[{"embeddable":true,"href":"https:\/\/terragina.de\/blog\/wp-json\/wp\/v2\/users\/1"}],"replies":[{"embeddable":true,"href":"https:\/\/terragina.de\/blog\/wp-json\/wp\/v2\/comments?post=9808"}],"version-history":[{"count":0,"href":"https:\/\/terragina.de\/blog\/wp-json\/wp\/v2\/posts\/9808\/revisions"}],"wp:attachment":[{"href":"https:\/\/terragina.de\/blog\/wp-json\/wp\/v2\/media?parent=9808"}],"wp:term":[{"taxonomy":"category","embeddable":true,"href":"https:\/\/terragina.de\/blog\/wp-json\/wp\/v2\/categories?post=9808"},{"taxonomy":"post_tag","embeddable":true,"href":"https:\/\/terragina.de\/blog\/wp-json\/wp\/v2\/tags?post=9808"}],"curies":[{"name":"wp","href":"https:\/\/api.w.org\/{rel}","templated":true}]}}