{"id":9821,"date":"2012-05-14T11:19:50","date_gmt":"2012-05-14T09:19:50","guid":{"rendered":"http:\/\/terragina.de\/blog\/?p=9821"},"modified":"2012-05-14T11:19:52","modified_gmt":"2012-05-14T09:19:52","slug":"konfirmiert","status":"publish","type":"post","link":"https:\/\/terragina.de\/blog\/2012\/05\/14\/konfirmiert\/","title":{"rendered":"Konfirmiert!"},"content":{"rendered":"<p>Die Anspannung der vergangenen Tage ist abgefallen. Alle M\u00c3\u00bchen haben sich gelohnt, denn wir hatten ein wundersch\u00c3\u00b6nes Fest. Da ich ja (leider) immer die Fotografin bin, gibt es vom gestrigen Tag nicht viele Fotos. Eine kleine Auswahl aber m\u00c3\u00b6chte ich hier in meinem Blog zeigen. F\u00c3\u00bcr uns alle zur Erinnerung.<\/p>\n<p>Der Sohn war gl\u00c3\u00bccklich &#8211; er hatte einen gro\u00c3\u0178artigen Tag. Gut, es h\u00c3\u00a4tte ein wenig w\u00c3\u00a4rmer sein k\u00c3\u00b6nnen und der Sektempfang, den wir eigentlich f\u00c3\u00bcr die Terrasse geplant hatten, wurde kurzerhand an den Couchtisch verlegt. Aber es hat der guten Stimmung keinen Abbruch getan. :yes:<\/p>\n<p>Auch wenn viele die H\u00c3\u00a4nde \u00c3\u00bcber dem Kopf zusammen schlagen, wenn sie \u00e2\u20ac\u017eFamilienfest\u00e2\u20ac\u009d h\u00c3\u00b6ren &#8211; ich fand es toll und bin sehr froh, mal meine Geschwister, Nichten und Neffen sowie meine Eltern wieder gesehen zu haben. Vier unserer Lieben, n\u00c3\u00a4mlich mein \u00c3\u00a4ltester Bruder mit seiner lieben Frau, eine Nichte und mein liebes Patenkind, konnten gestern leider nicht dabei sein. Aber in Gedanken sassen die Vier ebenfalls an unserem Tisch.<\/p>\n<p>Und nun lasse ich einfach mal wieder Bilder sprechen.. auch wenn es nicht meine G\u00c3\u00a4ste zeigt. Hier respektiere ich, dass nicht jeder im Netz ver\u00c3\u00b6ffentlicht werden m\u00c3\u00b6chte.<\/p>\n<div style=\"text-align: center;\">\n  \n<\/div>\n<div style=\"text-align: center;\">\n  <img loading=\"lazy\" decoding=\"async\" src=\"http:\/\/terragina.de\/blog\/wp-content\/uploads\/2012\/05\/konfi_01.jpg\" width=\"580\" height=\"390\" alt=\"konfi_01.jpg\" \/>\n<\/div>\n<div style=\"text-align: center;\">\n  \n<\/div>\n<div style=\"text-align: center;\">\n  <img loading=\"lazy\" decoding=\"async\" src=\"http:\/\/terragina.de\/blog\/wp-content\/uploads\/2012\/05\/konfi_02.jpg\" width=\"580\" height=\"390\" alt=\"konfi_02.jpg\" \/>\n<\/div>\n<div style=\"text-align: center;\">\n  \n<\/div>\n<div style=\"text-align: center;\">\n  <img loading=\"lazy\" decoding=\"async\" src=\"http:\/\/terragina.de\/blog\/wp-content\/uploads\/2012\/05\/konfi_03.jpg\" width=\"580\" height=\"390\" alt=\"konfi_03.jpg\" \/>\n<\/div>\n<div style=\"text-align: center;\">\n  \n<\/div>\n<div style=\"text-align: center;\">\n  <img loading=\"lazy\" decoding=\"async\" src=\"http:\/\/terragina.de\/blog\/wp-content\/uploads\/2012\/05\/konfi_04.jpg\" width=\"580\" height=\"390\" alt=\"konfi_04.jpg\" \/>\n<\/div>\n<div style=\"text-align: center;\">\n  \n<\/div>\n<div style=\"text-align: center;\">\n  <img loading=\"lazy\" decoding=\"async\" src=\"http:\/\/terragina.de\/blog\/wp-content\/uploads\/2012\/05\/konfi_00.jpg\" width=\"440\" height=\"580\" alt=\"konfi_00.jpg\" \/>\n<\/div>\n<p><\/p>\n<p>Und eines sei an dieser Stelle noch gesagt:<\/p>\n<p>Der Konfirmand selber hat mich am Vortag toll unterst\u00c3\u00bctzt und am Konfirmationstag w\u00c3\u00a4ren wir ohne die Hilfe seiner gro\u00c3\u0178en Schwester sehr aufgeschmissen gewesen. Toll, wie die beiden geholfen haben. Vor, w\u00c3\u00a4hrend und nach dem Fest.<\/p>\n<p>Und ein ganz besonders dickes Dankesch\u00c3\u00b6n geht an den weltbesten Ehemann, ohne den die Umsetzung ebenfalls undenkbar gewesen w\u00c3\u00a4re. Er hat ganz fantastisches Rago\u00c3\u00bbt Fin sowie Lendchen in Pfefferrahmsauce gekocht und sich um die Beilagen des Hauptgerichtes gek\u00c3\u00bcmmert. Er hat gesehen, wenn`s irgendwo \u00e2\u20ac\u017egebrannt\u00e2\u20ac\u009d hat und war da. Ja, es war ein tolles Fest. Es war ein wirklich sch\u00c3\u00b6ner, festlicher Gottesdienst und wir hatten sehr liebe G\u00c3\u00a4ste, die den Tag wie im Fluge vergehen lassen haben. Sch\u00c3\u00b6n, dass es Euch gibt! \u00e2\u2122\u00a5<\/p>\n","protected":false},"excerpt":{"rendered":"<p>Die Anspannung der vergangenen Tage ist abgefallen. Alle M\u00c3\u00bchen haben sich gelohnt, denn wir hatten ein wundersch\u00c3\u00b6nes Fest. Da ich ja (leider) immer die Fotografin bin, gibt es vom gestrigen Tag nicht viele Fotos. Eine kleine Auswahl aber m\u00c3\u00b6chte ich hier in meinem Blog zeigen. F\u00c3\u00bcr uns alle zur Erinnerung. Der Sohn war gl\u00c3\u00bccklich &#8211; er hatte einen gro\u00c3\u0178artigen Tag. Gut, es h\u00c3\u00a4tte ein wenig w\u00c3\u00a4rmer sein k\u00c3\u00b6nnen und der Sektempfang, den wir eigentlich f\u00c3\u00bcr die Terrasse geplant hatten, wurde kurzerhand an den Couchtisch verlegt. Aber es hat der guten Stimmung keinen Abbruch getan. :yes: Auch wenn viele die H\u00c3\u00a4nde \u00c3\u00bcber dem Kopf zusammen schlagen, wenn sie \u00e2\u20ac\u017eFamilienfest\u00e2\u20ac\u009d h\u00c3\u00b6ren &#8211; ich fand es toll und bin sehr froh, mal meine Geschwister, Nichten und Neffen sowie meine Eltern wieder gesehen zu haben. Vier unserer Lieben, n\u00c3\u00a4mlich mein \u00c3\u00a4ltester Bruder mit seiner lieben Frau, eine Nichte und mein liebes Patenkind, konnten gestern leider nicht dabei sein. Aber in Gedanken sassen die Vier ebenfalls an unserem Tisch. Und nun lasse ich einfach mal wieder Bilder sprechen.. auch wenn &hellip;<\/p>\n","protected":false},"author":1,"featured_media":0,"comment_status":"open","ping_status":"open","sticky":false,"template":"","format":"standard","meta":{"_jetpack_newsletter_access":"","_jetpack_dont_email_post_to_subs":false,"_jetpack_newsletter_tier_id":0,"_jetpack_memberships_contains_paywalled_content":false,"_jetpack_memberships_contains_paid_content":false,"footnotes":""},"categories":[2],"tags":[421,957],"class_list":["post-9821","post","type-post","status-publish","format-standard","hentry","category-foto","tag-fotoalbum","tag-foto"],"jetpack_sharing_enabled":true,"jetpack_shortlink":"https:\/\/wp.me\/pq7aY-2yp","jetpack_likes_enabled":true,"jetpack-related-posts":[],"jetpack_featured_media_url":"","_links":{"self":[{"href":"https:\/\/terragina.de\/blog\/wp-json\/wp\/v2\/posts\/9821","targetHints":{"allow":["GET"]}}],"collection":[{"href":"https:\/\/terragina.de\/blog\/wp-json\/wp\/v2\/posts"}],"about":[{"href":"https:\/\/terragina.de\/blog\/wp-json\/wp\/v2\/types\/post"}],"author":[{"embeddable":true,"href":"https:\/\/terragina.de\/blog\/wp-json\/wp\/v2\/users\/1"}],"replies":[{"embeddable":true,"href":"https:\/\/terragina.de\/blog\/wp-json\/wp\/v2\/comments?post=9821"}],"version-history":[{"count":0,"href":"https:\/\/terragina.de\/blog\/wp-json\/wp\/v2\/posts\/9821\/revisions"}],"wp:attachment":[{"href":"https:\/\/terragina.de\/blog\/wp-json\/wp\/v2\/media?parent=9821"}],"wp:term":[{"taxonomy":"category","embeddable":true,"href":"https:\/\/terragina.de\/blog\/wp-json\/wp\/v2\/categories?post=9821"},{"taxonomy":"post_tag","embeddable":true,"href":"https:\/\/terragina.de\/blog\/wp-json\/wp\/v2\/tags?post=9821"}],"curies":[{"name":"wp","href":"https:\/\/api.w.org\/{rel}","templated":true}]}}