{"id":9843,"date":"2012-05-20T10:34:34","date_gmt":"2012-05-20T08:34:34","guid":{"rendered":"http:\/\/terragina.de\/blog\/?p=9843"},"modified":"2012-05-20T10:34:34","modified_gmt":"2012-05-20T08:34:34","slug":"my-weekly-pics-202012","status":"publish","type":"post","link":"https:\/\/terragina.de\/blog\/2012\/05\/20\/my-weekly-pics-202012\/","title":{"rendered":"My Weekly Pics 20\/2012"},"content":{"rendered":"<p>Habt Ihr auch schon diesen sch\u00c3\u00b6nen, sonnigen Sonntag begr\u00c3\u00bc\u00c3\u0178t? Ich bin schon seit 6:30 Uhr wach &#8211; irgendwie konnte ich nicht mehr schlafen. Das Ende vom gestrigen Fussballspiel (Bayern gegen Chelsea) habe ich leider nicht mehr miterlebt. War aber vielleicht auch besser so. Ich h\u00c3\u00a4tte den Bayern &#8211; ausnahmsweise mal &#8211; den Sieg geg\u00c3\u00b6nnt. Aber wer sich drei Minuten vor Schlu\u00c3\u0178 noch einen Gegentreffer einf\u00c3\u00a4ngt\u00e2\u20ac\u00a6 ok, lassen wir das Thema.<\/p>\n<p>Eigentlich war f\u00c3\u00bcr heute ein Sonntagss\u00c3\u00bc\u00c3\u0178 geplant. Und Grillen wollten wir erst auch. Aber: Wir haben umdisponiert. Heute gibt`s den ersten Spargel bei uns mit neuen Kart\u00c3\u00b6ffelchen und Sauce Hollandaise. Hach, ich freu` mich drauf. Zumal der Hobbykoch heute das Kochen \u00c3\u00bcbernimmt. Tja, und das Sos\u00c3\u00bc &#8211; hmm, das f\u00c3\u00a4llt wohl auch heute aus, denn es ist noch von dem leckeren Milka-Kuchen da. Und wir wollen es ja mit dem s\u00c3\u00bc\u00c3\u0178en Zeug nicht \u00c3\u00bcbertreiben\u00e2\u20ac\u00a6<\/p>\n<p>Hier kommt es nun, mein Weekly Pic &#8211; schon das 20. in diesem Jahr:<\/p>\n<div style=\"text-align: center;\">\n  <a href=\"http:\/\/terragina.de\/blog\/wp-content\/uploads\/2012\/05\/my_weekly_pics_202012.jpg\" rel=\"lightbox[9843]\"><img loading=\"lazy\" decoding=\"async\" src=\"http:\/\/terragina.de\/blog\/wp-content\/uploads\/2012\/05\/my_weekly_pics_202012-tm.jpg\" width=\"460\" height=\"460\" alt=\"My Weekly Pics 20\/2012\" \/><\/a>\n<\/div>\n<p><\/p>\n<p>Montag: Sehr erholsam, so ein arbeitsfreier Tag nach einem turbulenten Wochenende.<\/p>\n<p>Dienstag: Ein kurzweiliger Arbeitstag ohne besondere Vorkommnisse.<\/p>\n<p>Mittwoch: Mein sch\u00c3\u00b6nes neues Noosa-Armband trifft ein und ich freue mich dar\u00c3\u00bcber sehr.<\/p>\n<p>Donnerstag: Und schon wieder gef\u00c3\u00bchlter Freitag &#8211; der letzte Arbeitstag vor 12 freien Tagen. *freu*<\/p>\n<p>Freitag: \u00c3\u0153berraschungsbesuch von meinen Eltern. Der Hobbykoch ist nach getaner Arbeit fr\u00c3\u00bch daheim, so dass wir ganz entspannt unseren Urlaub einl\u00c3\u00a4uten k\u00c3\u00b6nnen.<\/p>\n<p>Samstag: Ein bisschen Hausarbeit hier, ein wenig Hausarbeit da. Sehr durchwachsenes Wetter, aber endlich nicht mehr so kalt.<\/p>\n<p>Sonntag: Schon wieder wartet ein Korb B\u00c3\u00bcgelw\u00c3\u00a4sche auf mich und durchsaugen sollte ich heute auch. Und eigentlich m\u00c3\u00bcssten die Fellnasen mal wieder mit dem Rasierer bearbeitet werden. Faule Fellbande\u00e2\u20ac\u00a6 (au\u00c3\u0178er unserer Beverly &#8211; die nimmt n\u00c3\u00a4mlich die Fellpflege sehr ernst).<\/p>\n<p><\/p>\n<p><em>Einen wundersch\u00c3\u00b6nen Sonntag allerseits &#8211; macht es Euch sch\u00c3\u00b6n!<\/em><\/p>\n<p><\/p>\n","protected":false},"excerpt":{"rendered":"<p>Habt Ihr auch schon diesen sch\u00c3\u00b6nen, sonnigen Sonntag begr\u00c3\u00bc\u00c3\u0178t? Ich bin schon seit 6:30 Uhr wach &#8211; irgendwie konnte ich nicht mehr schlafen. Das Ende vom gestrigen Fussballspiel (Bayern gegen Chelsea) habe ich leider nicht mehr miterlebt. War aber vielleicht auch besser so. Ich h\u00c3\u00a4tte den Bayern &#8211; ausnahmsweise mal &#8211; den Sieg geg\u00c3\u00b6nnt. Aber wer sich drei Minuten vor Schlu\u00c3\u0178 noch einen Gegentreffer einf\u00c3\u00a4ngt\u00e2\u20ac\u00a6 ok, lassen wir das Thema. Eigentlich war f\u00c3\u00bcr heute ein Sonntagss\u00c3\u00bc\u00c3\u0178 geplant. Und Grillen wollten wir erst auch. Aber: Wir haben umdisponiert. Heute gibt`s den ersten Spargel bei uns mit neuen Kart\u00c3\u00b6ffelchen und Sauce Hollandaise. Hach, ich freu` mich drauf. Zumal der Hobbykoch heute das Kochen \u00c3\u00bcbernimmt. Tja, und das Sos\u00c3\u00bc &#8211; hmm, das f\u00c3\u00a4llt wohl auch heute aus, denn es ist noch von dem leckeren Milka-Kuchen da. Und wir wollen es ja mit dem s\u00c3\u00bc\u00c3\u0178en Zeug nicht \u00c3\u00bcbertreiben\u00e2\u20ac\u00a6 Hier kommt es nun, mein Weekly Pic &#8211; schon das 20. in diesem Jahr: Montag: Sehr erholsam, so ein arbeitsfreier Tag nach einem turbulenten Wochenende. Dienstag: Ein kurzweiliger Arbeitstag ohne besondere &hellip;<\/p>\n","protected":false},"author":1,"featured_media":0,"comment_status":"open","ping_status":"open","sticky":false,"template":"","format":"standard","meta":{"_jetpack_newsletter_access":"","_jetpack_dont_email_post_to_subs":false,"_jetpack_newsletter_tier_id":0,"_jetpack_memberships_contains_paywalled_content":false,"_jetpack_memberships_contains_paid_content":false,"footnotes":""},"categories":[2],"tags":[421,957,422],"class_list":["post-9843","post","type-post","status-publish","format-standard","hentry","category-foto","tag-fotoalbum","tag-foto","tag-fotos"],"jetpack_sharing_enabled":true,"jetpack_shortlink":"https:\/\/wp.me\/pq7aY-2yL","jetpack_likes_enabled":true,"jetpack-related-posts":[],"jetpack_featured_media_url":"","_links":{"self":[{"href":"https:\/\/terragina.de\/blog\/wp-json\/wp\/v2\/posts\/9843","targetHints":{"allow":["GET"]}}],"collection":[{"href":"https:\/\/terragina.de\/blog\/wp-json\/wp\/v2\/posts"}],"about":[{"href":"https:\/\/terragina.de\/blog\/wp-json\/wp\/v2\/types\/post"}],"author":[{"embeddable":true,"href":"https:\/\/terragina.de\/blog\/wp-json\/wp\/v2\/users\/1"}],"replies":[{"embeddable":true,"href":"https:\/\/terragina.de\/blog\/wp-json\/wp\/v2\/comments?post=9843"}],"version-history":[{"count":0,"href":"https:\/\/terragina.de\/blog\/wp-json\/wp\/v2\/posts\/9843\/revisions"}],"wp:attachment":[{"href":"https:\/\/terragina.de\/blog\/wp-json\/wp\/v2\/media?parent=9843"}],"wp:term":[{"taxonomy":"category","embeddable":true,"href":"https:\/\/terragina.de\/blog\/wp-json\/wp\/v2\/categories?post=9843"},{"taxonomy":"post_tag","embeddable":true,"href":"https:\/\/terragina.de\/blog\/wp-json\/wp\/v2\/tags?post=9843"}],"curies":[{"name":"wp","href":"https:\/\/api.w.org\/{rel}","templated":true}]}}