{"id":9846,"date":"2012-05-21T07:40:23","date_gmt":"2012-05-21T05:40:23","guid":{"rendered":"http:\/\/terragina.de\/blog\/?p=9846"},"modified":"2012-05-21T08:51:02","modified_gmt":"2012-05-21T06:51:02","slug":"montags-starter-62","status":"publish","type":"post","link":"https:\/\/terragina.de\/blog\/2012\/05\/21\/montags-starter-62\/","title":{"rendered":"Montags-Starter #62"},"content":{"rendered":"<p>Ein tr\u00c3\u00bcber Morgen ist das heute, aber es ist nicht kalt und verspricht ein ann\u00c3\u00a4hernd sommerlicher Tag zu werden. Sonne, zeigst Du Dich bitte auch noch?<\/p>\n<p>Still ist es im Haus &#8211; die Kinder sind in der Schule und der Hobbykoch und ich geniessen eine Woche Auszeit. Eigentlich wollten wir ja jetzt an der Nordsee sein &#8211; aber manchmal kommt es eben anders als man denkt und wir haben unseren Urlaub jetzt auf den Herbst verschoben. Wir werden sehen. Mit gro\u00c3\u0178en Kindern ist man ja wieder ein wenig flexibel. :yes:<\/p>\n<p>Los geht&#8217;s in die neue Woche mit Martins <a href=\"http:\/\/www.dieblogbar.de\/?p=4482\" title=\"Martins Montags-Starter #62\">Montags-Starter<\/a>:<\/p>\n<p><\/p>\n<p>1. Der Sommer <font color=\"#52982E\">hat uns gestern einen ersten Vorgeschmack gegeben<\/font>.<\/p>\n<p>2. Es ist <font color=\"#52982E\">noch ziemlich tr\u00c3\u00bcb draussen und ich w\u00c3\u00bcnsche mir, dass die Sonne bald raus kommt<\/font>.<\/p>\n<p>3. <font color=\"#52982E\">Wie wir die Danksagungskarten gestalten werden<\/font> ist meine neueste Idee.<\/p>\n<p>4. Ich frage mich oft <font color=\"#52982E\">ob ich in der Erziehung meiner Kinder alles richtig mache<\/font>.<\/p>\n<p>5. <font color=\"#52982E\">St\u00c3\u00b6ckchen werfen<\/font> mu\u00c3\u0178 ich nicht, weil wir keinen Hund haben. ;) <em><font color=\"#52982E\">Auch wenn man das manchmal meinen k\u00c3\u00b6nnte&#8230;<\/font><\/em><\/p>\n<p>6. <font color=\"#52982E\">Canasta, Bao, Memory und Tack<\/font> spiele ich total gerne.<\/p>\n<p>7. Wenn ich <font color=\"#52982E\">zuviel Geld h\u00c3\u00a4tte<\/font>, dann w\u00c3\u00bcrde ich <font color=\"#52982E\">mir sofort ein iPad und eine Canon 600D kaufen<\/font>.<\/p>\n<p>8. F\u00c3\u00bcr diese Woche stehen <font color=\"#52982E\">das Haus auf Vordermann bringen<\/font> und <font color=\"#52982E\">Garten aufh\u00c3\u00bcbschen<\/font> auf dem Plan und als besonders sch\u00c3\u00b6n habe ich mir <font color=\"#52982E\">auch faulenzen<\/font> vorgenommen.<\/p>\n<p><\/p>\n<p>Und da ohne Foto hier im Blog quasi gar nichts geht, zeige ich heute ein Bild, wie Padano mir getern am Macbook Gesellschaft geleistet hat. :)<\/p>\n<p><\/p>\n<div style=\"text-align: center;\">\n  <img loading=\"lazy\" decoding=\"async\" src=\"http:\/\/terragina.de\/blog\/wp-content\/uploads\/2012\/05\/padano_20052012.jpg\" width=\"442\" height=\"598\" alt=\"padano_20052012.jpg\" \/>\n<\/div>\n<p><\/p>\n<div style=\"text-align: center;\">\n  <em>Einen guten Start in die neue Woche w\u00c3\u00bcnsche ich Euch!<\/em>\n<\/div>\n","protected":false},"excerpt":{"rendered":"<p>Ein tr\u00c3\u00bcber Morgen ist das heute, aber es ist nicht kalt und verspricht ein ann\u00c3\u00a4hernd sommerlicher Tag zu werden. Sonne, zeigst Du Dich bitte auch noch? Still ist es im Haus &#8211; die Kinder sind in der Schule und der Hobbykoch und ich geniessen eine Woche Auszeit. Eigentlich wollten wir ja jetzt an der Nordsee sein &#8211; aber manchmal kommt es eben anders als man denkt und wir haben unseren Urlaub jetzt auf den Herbst verschoben. Wir werden sehen. Mit gro\u00c3\u0178en Kindern ist man ja wieder ein wenig flexibel. :yes: Los geht&#8217;s in die neue Woche mit Martins Montags-Starter: 1. Der Sommer hat uns gestern einen ersten Vorgeschmack gegeben. 2. Es ist noch ziemlich tr\u00c3\u00bcb draussen und ich w\u00c3\u00bcnsche mir, dass die Sonne bald raus kommt. 3. Wie wir die Danksagungskarten gestalten werden ist meine neueste Idee. 4. Ich frage mich oft ob ich in der Erziehung meiner Kinder alles richtig mache. 5. St\u00c3\u00b6ckchen werfen mu\u00c3\u0178 ich nicht, weil wir keinen Hund haben. ;) Auch wenn man das manchmal meinen k\u00c3\u00b6nnte&#8230; 6. Canasta, Bao, Memory &hellip;<\/p>\n","protected":false},"author":1,"featured_media":0,"comment_status":"open","ping_status":"open","sticky":false,"template":"","format":"standard","meta":{"_jetpack_newsletter_access":"","_jetpack_dont_email_post_to_subs":false,"_jetpack_newsletter_tier_id":0,"_jetpack_memberships_contains_paywalled_content":false,"_jetpack_memberships_contains_paid_content":false,"footnotes":""},"categories":[114,94],"tags":[973,969],"class_list":["post-9846","post","type-post","status-publish","format-standard","hentry","category-plauderecke","category-stoeckchen","tag-plauderecke","tag-stoeckchen"],"jetpack_sharing_enabled":true,"jetpack_shortlink":"https:\/\/wp.me\/pq7aY-2yO","jetpack_likes_enabled":true,"jetpack-related-posts":[],"jetpack_featured_media_url":"","_links":{"self":[{"href":"https:\/\/terragina.de\/blog\/wp-json\/wp\/v2\/posts\/9846","targetHints":{"allow":["GET"]}}],"collection":[{"href":"https:\/\/terragina.de\/blog\/wp-json\/wp\/v2\/posts"}],"about":[{"href":"https:\/\/terragina.de\/blog\/wp-json\/wp\/v2\/types\/post"}],"author":[{"embeddable":true,"href":"https:\/\/terragina.de\/blog\/wp-json\/wp\/v2\/users\/1"}],"replies":[{"embeddable":true,"href":"https:\/\/terragina.de\/blog\/wp-json\/wp\/v2\/comments?post=9846"}],"version-history":[{"count":0,"href":"https:\/\/terragina.de\/blog\/wp-json\/wp\/v2\/posts\/9846\/revisions"}],"wp:attachment":[{"href":"https:\/\/terragina.de\/blog\/wp-json\/wp\/v2\/media?parent=9846"}],"wp:term":[{"taxonomy":"category","embeddable":true,"href":"https:\/\/terragina.de\/blog\/wp-json\/wp\/v2\/categories?post=9846"},{"taxonomy":"post_tag","embeddable":true,"href":"https:\/\/terragina.de\/blog\/wp-json\/wp\/v2\/tags?post=9846"}],"curies":[{"name":"wp","href":"https:\/\/api.w.org\/{rel}","templated":true}]}}