{"id":9963,"date":"2012-06-07T13:54:33","date_gmt":"2012-06-07T11:54:33","guid":{"rendered":"http:\/\/terragina.de\/blog\/?p=9963"},"modified":"2012-06-07T13:54:37","modified_gmt":"2012-06-07T11:54:37","slug":"grus-aus-dem-garten","status":"publish","type":"post","link":"https:\/\/terragina.de\/blog\/2012\/06\/07\/grus-aus-dem-garten\/","title":{"rendered":"Gru\u00c3\u0178 aus dem Garten"},"content":{"rendered":"<p>Eigentlich sollte heute ein richtig sch\u00c3\u00b6ner Tag werden. Also, so wetter-technisch gesehen. Nun ja, so ganz stimmt das leider nicht. Aber wenigstens ist es mit ca. 25\u00c2\u00b0C sch\u00c3\u00b6n warm. Ab und an schaut auch mal die Sonne raus und es ist bislang auch trocken. Nur in der Ferne h\u00c3\u00b6re ich immer mal ein Donnerrollen.<\/p>\n<p>Ich habe die freie Zeit genutzt, um ein paar Fotos im Garten zu machen. Ansonsten geniessen wir einen ruhigen Feiertag, w\u00c3\u00a4hrend unsere Kinder ihr Reich zum Renovieren vorbereiten und dann fleissig den Pinsel schwingen werden.;)<\/p>\n<p>F\u00c3\u00bcr meine lieben Besucher also heute mal ein paar Bl\u00c3\u00bcmchen aus unserem Garten.<\/p>\n<p><\/p>\n<div style=\"text-align: center;\">\n  <img loading=\"lazy\" decoding=\"async\" src=\"http:\/\/terragina.de\/blog\/wp-content\/uploads\/2012\/06\/schokoblume.jpg\" width=\"580\" height=\"435\" alt=\"schokoblume.jpg\" \/>\n<\/div>\n<p>Auch in diesem Jahr habe ich sie wieder &#8211; die Schokoblume. Diesmal sogar in doppelter Ausf\u00c3\u00bchrung. :sing:<\/p>\n<p><\/p>\n<div style=\"text-align: center;\">\n  <img loading=\"lazy\" decoding=\"async\" src=\"http:\/\/terragina.de\/blog\/wp-content\/uploads\/2012\/06\/hortensie_01.jpg\" width=\"580\" height=\"435\" alt=\"hortensie_01.jpg\" \/>\n<\/div>\n<p>Im dritten Jahr ziert diese Hortensie nun unseren Garten. Im letzten Jahr bl\u00c3\u00bchte sie (wenn ich mich richtig erinnere) noch rosa. Dann wurde sie umgesetzt und in diesem Jahr scheint sie blau zu werden.<\/p>\n<p><\/p>\n<div style=\"text-align: center;\">\n  <img loading=\"lazy\" decoding=\"async\" src=\"http:\/\/terragina.de\/blog\/wp-content\/uploads\/2012\/06\/hortensie_02.jpg\" width=\"580\" height=\"435\" alt=\"hortensie_02.jpg\" \/>\n<\/div>\n<p>Dieses Exemplar ist ein Schenkli von meiner Mama &#8211; sie bl\u00c3\u00bcht schon eine ganze Weile und ich erfreue mich sehr an ihr.<\/p>\n<p><\/p>\n<div style=\"text-align: center;\">\n  <img loading=\"lazy\" decoding=\"async\" src=\"http:\/\/terragina.de\/blog\/wp-content\/uploads\/2012\/06\/hortensie_03.jpg\" width=\"580\" height=\"435\" alt=\"hortensie_03.jpg\" \/>\n<\/div>\n<p>Ein Neuzugang in unserem Garten &#8211; eine weitere wundersch\u00c3\u00b6ne \u00e2\u20ac\u017eEndless Summer\u00e2\u20ac\u009d. Hach, sch\u00c3\u00b6n!<\/p>\n<p><\/p>\n<div style=\"text-align: center;\">\n  <img loading=\"lazy\" decoding=\"async\" src=\"http:\/\/terragina.de\/blog\/wp-content\/uploads\/2012\/06\/morgensterngras.jpg\" width=\"580\" height=\"435\" alt=\"morgensterngras.jpg\" \/>\n<\/div>\n<p>Alteingesessen im Blumenbeet &#8211; das Morgensterngras. Zuverl\u00c3\u00a4ssig wird es jedes Jahr gr\u00c3\u00b6\u00c3\u0178er und gr\u00c3\u00b6\u00c3\u0178er. Pflegeleicht und sch\u00c3\u00b6n anzuschauen, ich mag es sehr.<\/p>\n<p style=\"text-align: center;font-size: 13px;\">*****************************************<\/p>\n<p><em>Allen, die heute frei haben, w\u00c3\u00bcnsche ich noch einen sch\u00c3\u00b6nen Rest-Feiertag. Und allen, die arbeiten m\u00c3\u00bcssen, nur ein kurzer Satz: \u00e2\u20ac\u017eIhr seid schon ganz nah dran, am Wochenende, haltet durch!\u00e2\u20ac\u009d<\/em><\/p>\n<p><em><br \/><\/em><\/p>\n","protected":false},"excerpt":{"rendered":"<p>Eigentlich sollte heute ein richtig sch\u00c3\u00b6ner Tag werden. Also, so wetter-technisch gesehen. Nun ja, so ganz stimmt das leider nicht. Aber wenigstens ist es mit ca. 25\u00c2\u00b0C sch\u00c3\u00b6n warm. Ab und an schaut auch mal die Sonne raus und es ist bislang auch trocken. Nur in der Ferne h\u00c3\u00b6re ich immer mal ein Donnerrollen. Ich habe die freie Zeit genutzt, um ein paar Fotos im Garten zu machen. Ansonsten geniessen wir einen ruhigen Feiertag, w\u00c3\u00a4hrend unsere Kinder ihr Reich zum Renovieren vorbereiten und dann fleissig den Pinsel schwingen werden.;) F\u00c3\u00bcr meine lieben Besucher also heute mal ein paar Bl\u00c3\u00bcmchen aus unserem Garten. Auch in diesem Jahr habe ich sie wieder &#8211; die Schokoblume. Diesmal sogar in doppelter Ausf\u00c3\u00bchrung. :sing: Im dritten Jahr ziert diese Hortensie nun unseren Garten. Im letzten Jahr bl\u00c3\u00bchte sie (wenn ich mich richtig erinnere) noch rosa. Dann wurde sie umgesetzt und in diesem Jahr scheint sie blau zu werden. Dieses Exemplar ist ein Schenkli von meiner Mama &#8211; sie bl\u00c3\u00bcht schon eine ganze Weile und ich erfreue mich sehr an ihr. &hellip;<\/p>\n","protected":false},"author":1,"featured_media":0,"comment_status":"open","ping_status":"open","sticky":false,"template":"","format":"standard","meta":{"_jetpack_newsletter_access":"","_jetpack_dont_email_post_to_subs":false,"_jetpack_newsletter_tier_id":0,"_jetpack_memberships_contains_paywalled_content":false,"_jetpack_memberships_contains_paid_content":false,"footnotes":""},"categories":[2],"tags":[975,421,957,422,226],"class_list":["post-9963","post","type-post","status-publish","format-standard","hentry","category-foto","tag-blumen","tag-fotoalbum","tag-foto","tag-fotos","tag-pflanzen"],"jetpack_sharing_enabled":true,"jetpack_shortlink":"https:\/\/wp.me\/pq7aY-2AH","jetpack_likes_enabled":true,"jetpack-related-posts":[],"jetpack_featured_media_url":"","_links":{"self":[{"href":"https:\/\/terragina.de\/blog\/wp-json\/wp\/v2\/posts\/9963","targetHints":{"allow":["GET"]}}],"collection":[{"href":"https:\/\/terragina.de\/blog\/wp-json\/wp\/v2\/posts"}],"about":[{"href":"https:\/\/terragina.de\/blog\/wp-json\/wp\/v2\/types\/post"}],"author":[{"embeddable":true,"href":"https:\/\/terragina.de\/blog\/wp-json\/wp\/v2\/users\/1"}],"replies":[{"embeddable":true,"href":"https:\/\/terragina.de\/blog\/wp-json\/wp\/v2\/comments?post=9963"}],"version-history":[{"count":0,"href":"https:\/\/terragina.de\/blog\/wp-json\/wp\/v2\/posts\/9963\/revisions"}],"wp:attachment":[{"href":"https:\/\/terragina.de\/blog\/wp-json\/wp\/v2\/media?parent=9963"}],"wp:term":[{"taxonomy":"category","embeddable":true,"href":"https:\/\/terragina.de\/blog\/wp-json\/wp\/v2\/categories?post=9963"},{"taxonomy":"post_tag","embeddable":true,"href":"https:\/\/terragina.de\/blog\/wp-json\/wp\/v2\/tags?post=9963"}],"curies":[{"name":"wp","href":"https:\/\/api.w.org\/{rel}","templated":true}]}}